{"id":98671,"date":"2019-07-26T14:12:41","date_gmt":"2019-07-26T12:12:41","guid":{"rendered":"https:\/\/zjarr.tv\/?p=98671"},"modified":"2019-07-26T14:12:41","modified_gmt":"2019-07-26T12:12:41","slug":"gjykata-rrezon-voltana-ademin-valdrin-pjetri-kryebashkiak-ne-shkoder","status":"publish","type":"post","link":"https:\/\/zjarr.tv\/en\/gjykata-rrezon-voltana-ademin-valdrin-pjetri-kryebashkiak-ne-shkoder\/","title":{"rendered":"Gjykata rr\u00ebzon Voltana Ademin\/Valdrin Pjetri kryebashkiak n\u00eb Shkod\u00ebr"},"content":{"rendered":"<p>&nbsp;<\/p>\n<p>Valdrin Pjetri \u00ebsht\u00eb konfirmuar zyrtarisht nga Gjykata e Shkodr\u00ebs si kryetari i ri i Bashkis\u00eb s\u00eb Shkodr\u00ebs, duke rr\u00ebzuar k\u00ebrkes\u00eb-padin\u00eb e b\u00ebr\u00eb nga Voltana Ademi.<\/p>\n<p>Gjykata e Shkodr\u00ebs ka konfirmuar sot vendimin e Komisionit Qendror t\u00eb Zgjedhjeve p\u00ebr mandatin e Pjetrit, duke iu bashkuar k\u00ebshtu vullnetit t\u00eb zgjedh\u00ebsve.<\/p>\n<p>N\u00eb zgjedhjet e 30 qershorit 2019, u rikonfirmua si kryebashkiak p\u00ebr mandatin e par\u00eb n\u00eb Shkod\u00ebr si pjes\u00eb e Partis\u00eb Socialiste n\u00eb Aleanc\u00ebn p\u00ebr Shqip\u00ebrin\u00eb Europiane. P\u00ebrball\u00eb tij nuk pati asnj\u00eb kandidat.<\/p>\n<p>Seanca gjyq\u00ebsore u drejtua nga gjyqtari Hasan Selimi.<\/p>\n<p>Tre dit\u00eb m\u00eb par\u00eb, kjo gjykat\u00eb e shtyu vendimin p\u00ebr konfirmimin e mandatit t\u00eb Valdrin Pjetrit, p\u00ebr tu njohur me provat e paraqitura nga Bashkia e Shkodr\u00ebs, me kryetaren n\u00eb detyr\u00eb, Voltana Ademi, q\u00eb pretendonte parregullsi n\u00eb procesin zgjedhor.<\/p>\n<p>Bashkia e Shkodr\u00ebs u p\u00ebrfaq\u00ebsua n\u00eb k\u00ebt\u00eb proces nga avokati Jordan Daci.<\/p>\n<p>\u201cK\u00ebto nuk ishin pretendimet e PD-s\u00eb, ishin pretendimet e kryetares s\u00eb bashkis\u00eb n\u00eb detyr\u00eb, Voltana Ademi. Gjykata vendosi kthimin e padis\u00eb dhe akteve duke gjykuar q\u00eb ky ishte vendimi i sakt\u00eb p\u00ebr k\u00ebt\u00eb rast. Gjithsesi ne nuk i heqim asnj\u00eb presje pretendimeve tona p\u00ebr sa i p\u00ebrket parregullsive t\u00eb fitimit t\u00eb gjith\u00eb mandateve duke p\u00ebrfshir\u00eb edhe mandatin e sapo v\u00ebrtetuar nga Gjykata e Shkodr\u00ebs\u201d, tha ai.<\/p>\n<p>&nbsp;<\/p>","protected":false},"excerpt":{"rendered":"<p>&nbsp; Valdrin Pjetri \u00ebsht\u00eb konfirmuar zyrtarisht nga Gjykata e Shkodr\u00ebs si kryetari i ri i Bashkis\u00eb s\u00eb Shkodr\u00ebs, duke rr\u00ebzuar k\u00ebrkes\u00eb-padin\u00eb e b\u00ebr\u00eb nga Voltana Ademi. Gjykata e Shkodr\u00ebs ka konfirmuar sot vendimin e Komisionit Qendror t\u00eb Zgjedhjeve p\u00ebr mandatin e Pjetrit, duke iu bashkuar k\u00ebshtu vullnetit t\u00eb zgjedh\u00ebsve. N\u00eb zgjedhjet e 30 qershorit 2019, [&hellip;]<\/p>\n","protected":false},"author":2013,"featured_media":98672,"comment_status":"open","ping_status":"closed","sticky":false,"template":"","format":"standard","meta":{"footnotes":""},"categories":[241,235],"tags":[],"class_list":{"0":"post-98671","1":"post","2":"type-post","3":"status-publish","4":"format-standard","5":"has-post-thumbnail","7":"category-aktualitet","8":"category-vendi"},"_links":{"self":[{"href":"https:\/\/zjarr.tv\/en\/wp-json\/wp\/v2\/posts\/98671","targetHints":{"allow":["GET"]}}],"collection":[{"href":"https:\/\/zjarr.tv\/en\/wp-json\/wp\/v2\/posts"}],"about":[{"href":"https:\/\/zjarr.tv\/en\/wp-json\/wp\/v2\/types\/post"}],"author":[{"embeddable":true,"href":"https:\/\/zjarr.tv\/en\/wp-json\/wp\/v2\/users\/2013"}],"replies":[{"embeddable":true,"href":"https:\/\/zjarr.tv\/en\/wp-json\/wp\/v2\/comments?post=98671"}],"version-history":[{"count":0,"href":"https:\/\/zjarr.tv\/en\/wp-json\/wp\/v2\/posts\/98671\/revisions"}],"wp:featuredmedia":[{"embeddable":true,"href":"https:\/\/zjarr.tv\/en\/wp-json\/wp\/v2\/media\/98672"}],"wp:attachment":[{"href":"https:\/\/zjarr.tv\/en\/wp-json\/wp\/v2\/media?parent=98671"}],"wp:term":[{"taxonomy":"category","embeddable":true,"href":"https:\/\/zjarr.tv\/en\/wp-json\/wp\/v2\/categories?post=98671"},{"taxonomy":"post_tag","embeddable":true,"href":"https:\/\/zjarr.tv\/en\/wp-json\/wp\/v2\/tags?post=98671"}],"curies":[{"name":"wp","href":"https:\/\/api.w.org\/{rel}","templated":true}]}}