{"id":98686,"date":"2019-07-26T14:19:47","date_gmt":"2019-07-26T12:19:47","guid":{"rendered":"https:\/\/zjarr.tv\/?p=98686"},"modified":"2019-07-26T14:19:47","modified_gmt":"2019-07-26T12:19:47","slug":"lleshaj-me-homologun-turk-soylu-bashkepunim-mes-dy-policive","status":"publish","type":"post","link":"https:\/\/zjarr.tv\/en\/lleshaj-me-homologun-turk-soylu-bashkepunim-mes-dy-policive\/","title":{"rendered":"Lleshaj me homologun turk, Soylu: Bashk\u00ebpunim mes dy policive"},"content":{"rendered":"<p>&nbsp;<\/p>\n<p>Ministri i Brendsh\u00ebm Sand\u00ebr Lleshaj priti sot ministrin e Brendsh\u00ebm t\u00eb Republik\u00ebs s\u00eb Turqis\u00eb, S\u00fcleyman Soylu. Kjo vizit\u00eb zyrtare e ministrit turk, pason takimin q\u00eb dy ministrat pat\u00ebn n\u00eb Ankara disa muaj m\u00eb par\u00eb. Bisedimet u fokusuan mbi mund\u00ebsit\u00eb, p\u00ebr rritjen e bashk\u00ebpunimit n\u00eb funksion t\u00eb siguris\u00eb publike.<\/p>\n<p>Lleshaj i vler\u00ebsoi marr\u00ebdh\u00ebniet shum\u00eb t\u00eb mira, duke theksuar se ky \u00ebsht\u00eb nj\u00eb moment p\u00ebr t\u2019u dh\u00ebn\u00eb nj\u00eb shtys\u00eb t\u00eb re atyre.<\/p>\n<p>Soylu fal\u00ebnderoi z. Lleshaj p\u00ebr mikpritjen dhe bujarin\u00eb. Ai e cil\u00ebsoi Shqip\u00ebrin\u00eb si nj\u00eb vend mik dhe marr\u00ebdh\u00ebniet historike e rr\u00ebnj\u00ebsore si t\u00eb shk\u00eblqyera, me mund\u00ebsi p\u00ebr t\u2019i \u00e7uar p\u00ebrpara. \u201cShqip\u00ebria \u00ebsht\u00eb nj\u00eb nga vendet e rajonit, me t\u00eb cil\u00ebn Turqia bashk\u00ebpunon m\u00eb s\u00eb shumti\u201d, u shpreh z. Soylu, duke pohuar se ka disa bashk\u00ebpunime funksionale q\u00eb uroi t\u00eb jen\u00eb t\u00eb vazhdueshme.<a href=\"https:\/\/balkanweb.com\/lleshaj-me-homologun-turk-soylu-bashkepunim-mes-dy-policive\/\">Next<\/a><\/p>\n<p>Gjat\u00eb takimit u trajtuan fushat ku do t\u00eb ndalet e k\u00ebrkohet t\u00eb thellohet bashk\u00ebpunimi, mes dy ministrive t\u00eb Brendshme e Policive p\u00ebrkat\u00ebse. Ky bashk\u00ebpunim synohet t\u00eb thellohet mes dy Akademive t\u00eb Siguris\u00eb, n\u00eb fush\u00ebn e luft\u00ebs kund\u00ebr krimit ekonomik e financiar, trajnimi i personelit policor, pajisjet p\u00ebr Policin\u00eb e Shtetit, si dhe ekspertiza p\u00ebr sistemin e menaxhimit doganor shqiptar.<\/p>\n<p>Ministri Lleshaj ve\u00e7oi si prioritar bashk\u00ebpunimin p\u00ebr luft\u00ebn kund\u00ebr krimit ekonomik dhe financiar, trajnimet e efektiv\u00ebve dhe pajisjet policore.<\/p>\n<p>Dy ministrat e Brendsh\u00ebm vizituan m\u00eb pas, Repartin e Forcave t\u00eb Nd\u00ebrhyrjes s\u00eb Shpejt\u00eb (FNSH) n\u00eb Tiran\u00eb, ku pati nj\u00eb prezantim t\u00eb shkurt\u00ebr t\u00eb pun\u00ebs dhe rezultateve t\u00eb k\u00ebsaj force, si dhe u pan\u00eb nga af\u00ebr ambientet e trajnimit dhe st\u00ebrvitjes s\u00eb tyre.<\/p>\n<p>&nbsp;<\/p>","protected":false},"excerpt":{"rendered":"<p>&nbsp; Ministri i Brendsh\u00ebm Sand\u00ebr Lleshaj priti sot ministrin e Brendsh\u00ebm t\u00eb Republik\u00ebs s\u00eb Turqis\u00eb, S\u00fcleyman Soylu. Kjo vizit\u00eb zyrtare e ministrit turk, pason takimin q\u00eb dy ministrat pat\u00ebn n\u00eb Ankara disa muaj m\u00eb par\u00eb. Bisedimet u fokusuan mbi mund\u00ebsit\u00eb, p\u00ebr rritjen e bashk\u00ebpunimit n\u00eb funksion t\u00eb siguris\u00eb publike. Lleshaj i vler\u00ebsoi marr\u00ebdh\u00ebniet shum\u00eb t\u00eb [&hellip;]<\/p>\n","protected":false},"author":2013,"featured_media":98687,"comment_status":"open","ping_status":"closed","sticky":false,"template":"","format":"standard","meta":{"footnotes":""},"categories":[241,235],"tags":[],"class_list":{"0":"post-98686","1":"post","2":"type-post","3":"status-publish","4":"format-standard","5":"has-post-thumbnail","7":"category-aktualitet","8":"category-vendi"},"_links":{"self":[{"href":"https:\/\/zjarr.tv\/en\/wp-json\/wp\/v2\/posts\/98686","targetHints":{"allow":["GET"]}}],"collection":[{"href":"https:\/\/zjarr.tv\/en\/wp-json\/wp\/v2\/posts"}],"about":[{"href":"https:\/\/zjarr.tv\/en\/wp-json\/wp\/v2\/types\/post"}],"author":[{"embeddable":true,"href":"https:\/\/zjarr.tv\/en\/wp-json\/wp\/v2\/users\/2013"}],"replies":[{"embeddable":true,"href":"https:\/\/zjarr.tv\/en\/wp-json\/wp\/v2\/comments?post=98686"}],"version-history":[{"count":0,"href":"https:\/\/zjarr.tv\/en\/wp-json\/wp\/v2\/posts\/98686\/revisions"}],"wp:featuredmedia":[{"embeddable":true,"href":"https:\/\/zjarr.tv\/en\/wp-json\/wp\/v2\/media\/98687"}],"wp:attachment":[{"href":"https:\/\/zjarr.tv\/en\/wp-json\/wp\/v2\/media?parent=98686"}],"wp:term":[{"taxonomy":"category","embeddable":true,"href":"https:\/\/zjarr.tv\/en\/wp-json\/wp\/v2\/categories?post=98686"},{"taxonomy":"post_tag","embeddable":true,"href":"https:\/\/zjarr.tv\/en\/wp-json\/wp\/v2\/tags?post=98686"}],"curies":[{"name":"wp","href":"https:\/\/api.w.org\/{rel}","templated":true}]}}