{"id":98694,"date":"2019-07-26T15:13:39","date_gmt":"2019-07-26T13:13:39","guid":{"rendered":"https:\/\/zjarr.tv\/?p=98694"},"modified":"2019-07-26T15:13:39","modified_gmt":"2019-07-26T13:13:39","slug":"pd-nuk-e-dorezojme-shkodren-tek-6-dhe-tek-krimi","status":"publish","type":"post","link":"https:\/\/zjarr.tv\/en\/pd-nuk-e-dorezojme-shkodren-tek-6-dhe-tek-krimi\/","title":{"rendered":"PD: Nuk e dor\u00ebzojm\u00eb Shkodr\u00ebn tek 6% dhe tek krimi"},"content":{"rendered":"<p>&nbsp;<\/p>\n<p>\u2018Shkodran\u00ebt nuk njohin vendimet q\u00eb shkelin lirit\u00eb dhe t\u00eb drejtat themelore t\u00eb njeriut dhe do t\u00eb reagojn\u00eb me vendosm\u00ebri n\u00eb mbrojtje t\u00eb tyre\u2019.<\/p>\n<p>Deklarata \u00ebsht\u00eb b\u00ebr\u00eb nga ish-deputetja e PD-s\u00eb Izmira Ulqinaku mesdit\u00ebn e sotme nga Shkodra, ku foli p\u00ebr vendimin e gjykat\u00ebs q\u00eb i ka njohur mandatin e kryebashkiakut, Valdrin Pjetrit.<\/p>\n<p>\u2018Kushtetuta e detyron kryebashkiaken Ademi t\u00eb q\u00ebndroj\u00eb n\u00eb detyr\u00eb deri n\u00eb zgjedhjen e pasardh\u00ebsit n\u00eb m\u00ebnyr\u00eb t\u00eb ligjshme e kushtetuese\u2019, tha ajo.<\/p>\n<p>\u2018Shkodra nuk mund t\u00eb qeveriset nga pakica e 6% -shit dhe nuk do t\u2019i dor\u00ebzohet krimit\u2019, theksoi Ulqinaku.<\/p>\n<p>Deklarat\u00eb e PD, dega Shkod\u00ebr, Izmira Ulqinaku:<\/p>\n<p>Sot, p\u00ebrmes mediave, t\u00eb gjith\u00eb shkodran\u00ebt jan\u00eb njohur me aktin e rradh\u00ebs t\u00eb fars\u00ebs s\u00eb 30 qershorit. Don Kishoti q\u00eb \u2018triumfoi\u2019 me \u2018mullinjt\u00eb e er\u00ebs\u2019 n\u00eb votime moniste si n\u00eb koh\u00ebn e diktatur\u00ebs komuniste, u shpall fitues i votimeve socialiste nga nj\u00eb gjykat\u00ebs i v\u00ebn\u00eb n\u00ebn presion nga ethet e vettingut q\u00eb i rri mbi kok\u00eb sistemit t\u00eb drejt\u00ebsis\u00eb n\u00eb vend.<\/p>\n<p>Partia Demokratike e Shkodr\u00ebs \u00ebsht\u00eb e vendosur n\u00eb mbrojtjen e Kushtetut\u00ebs, Dekretit t\u00eb Presidentit t\u00eb Republik\u00ebs dhe ligjeve t\u00eb k\u00ebtij vendi.<\/p>\n<p>Asnj\u00eb vendim i asnj\u00eb institucioni n\u00eb shkelje ligjore, t\u00eb lirive e t\u00eb drejtave themelore t\u00eb njeriut, nuk do t\u00eb njihet nga banor\u00ebt e Bashkis\u00eb s\u00eb Shkodr\u00ebs. \u00c7do p\u00ebrpjekje p\u00ebr t\u2019ju imponuar shkodran\u00ebve p\u00ebrmes institucioneve t\u00eb kapura dhe q\u00eb shkelin Kushtetut\u00ebn, Dekretin e Presidentit dhe ligjet e Shqip\u00ebris\u00eb, do t\u00eb p\u00ebrballet me vendosm\u00ebrin\u00eb e njohur t\u00eb shkodran\u00ebve.<\/p>\n<p>N\u00eb 2015-\u00ebn, p\u00ebrmes nj\u00eb procesi gjith\u00ebp\u00ebrfshir\u00ebs, t\u00eb lir\u00eb, demokratik dhe t\u00eb njohur nga t\u00eb gjitha forcat politike n\u00eb vend dhe nga nd\u00ebrkomb\u00ebtar\u00ebt, jan\u00eb zgjedhur kryebashkiak\u00ebt e ligjsh\u00ebm n\u00eb 61 bashkit\u00eb e vendit, mes tyre edhe Bashkia e Shkodr\u00ebs.<\/p>\n<p>K\u00ebta kryebashkiak\u00eb kan\u00eb detyrimin kushtetues, ligjor por edhe moral t\u00eb q\u00ebndrojn\u00eb n\u00eb detyr\u00eb deri n\u00eb zgjedhjen e pasardh\u00ebsve t\u00eb tyre me nj\u00eb proces t\u00eb ligjsh\u00ebm dhe kushtetues.<\/p>\n<p>Partia Demokratike Shkod\u00ebr i b\u00ebn thirrje Edi Ram\u00ebs dhe sejmen\u00ebve t\u00eb tij lokal\u00eb, t\u00eb mos e provokojn\u00eb Shkodr\u00ebn e shkodran\u00ebt me individ\u00eb t\u00eb em\u00ebruar dhe jo t\u00eb zgjedhur nga vota e qytetar\u00ebve.<\/p>\n<p>E kemi p\u00ebrs\u00ebritur dhe e p\u00ebrs\u00ebrisim edhe sot: Shkodra nuk mund t\u00eb qeveriset nga 6% e atyre q\u00eb edhe me dhun\u00eb, u detyruan t\u00eb b\u00ebhen pjes\u00eb e fars\u00ebs s\u00eb 30 qershorit.<\/p>\n<p>Shkodranet nuk kane per te pranuar kurre qe edhe Bashkine Shkoder tia dor\u00ebzojn\u00eb krimit te organizuar, tia dorezojne perfaqesuesit te emeruar prej tyre.<\/p>\n<p>\u00c7do p\u00ebrpjekje p\u00ebr t\u00eb vepruar ndryshe, \u00ebsht\u00eb e d\u00ebshtuar dhe do t\u00eb p\u00ebrballet me rezistenc\u00ebn qytetare, paq\u00ebsore t\u00eb t\u00eb gjith\u00eb popullit q\u00eb me 30 qershor i dha p\u00ebrgjigjen k\u00ebtij regjimi duke e braktisur masivisht.<\/p>\n<p>&nbsp;<\/p>","protected":false},"excerpt":{"rendered":"<p>&nbsp; \u2018Shkodran\u00ebt nuk njohin vendimet q\u00eb shkelin lirit\u00eb dhe t\u00eb drejtat themelore t\u00eb njeriut dhe do t\u00eb reagojn\u00eb me vendosm\u00ebri n\u00eb mbrojtje t\u00eb tyre\u2019. Deklarata \u00ebsht\u00eb b\u00ebr\u00eb nga ish-deputetja e PD-s\u00eb Izmira Ulqinaku mesdit\u00ebn e sotme nga Shkodra, ku foli p\u00ebr vendimin e gjykat\u00ebs q\u00eb i ka njohur mandatin e kryebashkiakut, Valdrin Pjetrit. \u2018Kushtetuta e [&hellip;]<\/p>\n","protected":false},"author":2013,"featured_media":98695,"comment_status":"open","ping_status":"closed","sticky":false,"template":"","format":"standard","meta":{"footnotes":""},"categories":[241,235],"tags":[],"class_list":{"0":"post-98694","1":"post","2":"type-post","3":"status-publish","4":"format-standard","5":"has-post-thumbnail","7":"category-aktualitet","8":"category-vendi"},"_links":{"self":[{"href":"https:\/\/zjarr.tv\/en\/wp-json\/wp\/v2\/posts\/98694","targetHints":{"allow":["GET"]}}],"collection":[{"href":"https:\/\/zjarr.tv\/en\/wp-json\/wp\/v2\/posts"}],"about":[{"href":"https:\/\/zjarr.tv\/en\/wp-json\/wp\/v2\/types\/post"}],"author":[{"embeddable":true,"href":"https:\/\/zjarr.tv\/en\/wp-json\/wp\/v2\/users\/2013"}],"replies":[{"embeddable":true,"href":"https:\/\/zjarr.tv\/en\/wp-json\/wp\/v2\/comments?post=98694"}],"version-history":[{"count":0,"href":"https:\/\/zjarr.tv\/en\/wp-json\/wp\/v2\/posts\/98694\/revisions"}],"wp:featuredmedia":[{"embeddable":true,"href":"https:\/\/zjarr.tv\/en\/wp-json\/wp\/v2\/media\/98695"}],"wp:attachment":[{"href":"https:\/\/zjarr.tv\/en\/wp-json\/wp\/v2\/media?parent=98694"}],"wp:term":[{"taxonomy":"category","embeddable":true,"href":"https:\/\/zjarr.tv\/en\/wp-json\/wp\/v2\/categories?post=98694"},{"taxonomy":"post_tag","embeddable":true,"href":"https:\/\/zjarr.tv\/en\/wp-json\/wp\/v2\/tags?post=98694"}],"curies":[{"name":"wp","href":"https:\/\/api.w.org\/{rel}","templated":true}]}}