{"id":98702,"date":"2019-07-26T15:17:16","date_gmt":"2019-07-26T13:17:16","guid":{"rendered":"https:\/\/zjarr.tv\/?p=98702"},"modified":"2019-07-26T15:17:16","modified_gmt":"2019-07-26T13:17:16","slug":"meta-cmon-ish-futbollistet-e-shquar-me-titullin-mjeshter-i-madh","status":"publish","type":"post","link":"https:\/\/zjarr.tv\/en\/meta-cmon-ish-futbollistet-e-shquar-me-titullin-mjeshter-i-madh\/","title":{"rendered":"Meta \u00e7mon ish-futbollist\u00ebt e shquar me titullin \u201cMjesht\u00ebr i Madh\u201d"},"content":{"rendered":"<p>&nbsp;<\/p>\n<p>Presidenti i Republik\u00ebs, Ilir Meta vler\u00ebsoi sot gjat\u00eb nj\u00eb ceremonie solemne t\u00eb zhvilluar n\u00eb Pallatin e Kultur\u00ebs \u201cAleksand\u00ebr Moisiu\u201d n\u00eb Durr\u00ebs ish-futbollist\u00ebt e shquar durrsak\u00eb gjat\u00eb viteve 1970-80-t\u00eb t\u00eb \u201cLokomotiv\u00ebs\u201d, \u201cDinamos\u201d \u201cPartizanit\u201d, \u201cVllaznis\u00eb\u201d dhe t\u00eb Ekipit Komb\u00ebtar shqiptar, dy v\u00ebllez\u00ebrit\u00a0Shyqyri dhe Haxhi Ballgjini\u00a0me\u00a0Titullin \u201cMjesht\u00ebr i Madh\u201d.<\/p>\n<p>Presidenti Meta u dor\u00ebzoi dy v\u00ebllez\u00ebrve Ballgjini titujt e lart\u00eb me motivacionin \u201cP\u00ebr kontributet e tyre t\u00eb \u00e7muara dhe rezultatet e arritura n\u00eb aren\u00ebn komb\u00ebtare dhe nd\u00ebrkomb\u00ebtare, duke shpalosur vlera t\u00eb larta t\u00eb sportistist\u00ebve model e duke u shnd\u00ebrruar n\u00eb shembuj frym\u00ebzimi p\u00ebr brezat e rinj\u201d.<\/p>\n<p>N\u00eb fjal\u00ebn e tij p\u00ebrsh\u00ebndet\u00ebse drejtuar t\u00eb pranishm\u00ebve t\u00eb shumt\u00eb, mes t\u00eb cil\u00ebve familjar\u00ebt dhe t\u00eb af\u00ebrmit e Shyqyri dhe Haxhi Ballgjinit, koleg\u00ebt, trajner\u00ebt, personalitete t\u00eb sportit dhe sportdash\u00ebsit e shumt\u00eb durrsak\u00eb, Presidenti i Republik\u00ebs theksoi se kjo ceremoni dekorimi \u00ebsht\u00eb dyfish e ve\u00e7ant\u00eb, sepse sot vler\u00ebsojm\u00eb dy v\u00ebllez\u00ebr kaq t\u00eb shquar p\u00ebr sportin dhe kombin ton\u00eb.<\/p>\n<p>\u201cFal\u00ebnderimin e par\u00eb e kam p\u00ebr prind\u00ebrit e Ballgjinive, sepse ata dhan\u00eb dy Ballgjin\u00eb t\u00eb shquar p\u00ebr Durr\u00ebsin dhe Shqip\u00ebrin\u00eb.<br \/>\nShyqyri Ballgjini \u00ebsht\u00eb nj\u00ebri prej personaliteve kryesore t\u00eb nj\u00eb \u2018Dinamoje\u2019 t\u00eb jasht\u00ebzakonshme, t\u00eb paarritshme t\u00eb atyre viteve, t\u00eb atij sulmi q\u00eb rrall\u00eb ka pasur dhe v\u00ebshtir\u00eb ta ket\u00eb Komb\u00ebtarja jon\u00eb edhe n\u00eb t\u00eb ardhmen, t\u00eb atij sulmi aq spektakolar, sikurse ishin Ballgjini-P\u00ebrnaska dhe Vasillaq Z\u00ebri i ndjer\u00eb.<br \/>\nT\u00eb gjith\u00eb sportdash\u00ebsit e mbajn\u00eb mend ndeshjen kur kan\u00eb luajtur q\u00eb t\u00eb dy, Shqip\u00ebri-Rumani 7-1, kur \u2018Shpresat\u2019 e Shqip\u00ebris\u00eb dol\u00ebn p\u00ebr her\u00eb t\u00eb par\u00eb Kampion\u00eb t\u00eb Ballkanit. Dhe aq m\u00eb tep\u00ebr kur nga ato \u2018Shpresa\u2019 p\u00ebr her\u00eb t\u00eb par\u00eb pat\u00ebm nj\u00eb Ekip Komb\u00ebtar t\u00eb jasht\u00ebzakonsh\u00ebm, q\u00eb do t\u00eb shk\u00eblqente n\u00eb vitet e m\u00ebpasshme.<br \/>\nT\u00eb dy v\u00ebllez\u00ebrit Ballgjini jan\u00eb modele edhe si qytetar\u00eb, p\u00ebrve\u00e7 modelit t\u00eb jasht\u00ebzakonsh\u00ebm q\u00eb kan\u00eb treguar n\u00eb fush\u00ebn e blert\u00eb, t\u00eb vlerave t\u00eb rralla n\u00eb frym\u00ebn e ekipeve, t\u00eb respektit ndaj publikut.<br \/>\nAta frym\u00ebzojn\u00eb pamas\u00eb edhe sot brezat e rinj, duke u v\u00ebn\u00eb n\u00eb dukje se pavar\u00ebsisht kushteve t\u00eb v\u00ebshtira, i kan\u00eb t\u00eb gjitha mund\u00ebsit\u00eb p\u00ebr t\u00eb realizuar \u00ebndrrat e tyre me pasion, profesionaliz\u00ebm dhe\u00a0 p\u00ebrkushtim\u201d, vuri n\u00eb dukje Presidenti Meta.<\/p>\n<p>\u201cFal\u00ebnderoj Haxhi dhe Shyqyri Ballgjinin p\u00ebr gjith\u00e7ka i kan\u00eb dh\u00ebn\u00eb futbollit ton\u00eb komb\u00ebtar n\u00eb radh\u00eb t\u00eb par\u00eb, skuadrave m\u00eb t\u00eb m\u00ebdha t\u00eb Shqip\u00ebris\u00eb, por dhe \u2018Lokomotiv\u00ebs\u2019 apo \u2018Teut\u00ebs\u2019 sot dhe qytetit t\u00eb Durr\u00ebsit.\u00a0V\u00ebllez\u00ebrit Ballgjini jan\u00eb krenari jo vet\u00ebm p\u00ebr Durr\u00ebsin, por p\u00ebr mbar\u00eb Shqip\u00ebrin\u00eb, model p\u00ebr qytetin, vendin dhe p\u00ebr shoq\u00ebrin\u00eb shqiptare.<br \/>\nKemi nevoj\u00eb p\u00ebr modele t\u00eb tilla frym\u00ebzuese!\u201d \u2013 theksoi Presidenti Meta n\u00eb fjal\u00ebn e tij, duke u\u00a0\u00a0shprehur edhe nj\u00ebher\u00eb mir\u00ebnjohjen dy v\u00ebllez\u00ebrve Ballgjini.<\/p>","protected":false},"excerpt":{"rendered":"<p>&nbsp; Presidenti i Republik\u00ebs, Ilir Meta vler\u00ebsoi sot gjat\u00eb nj\u00eb ceremonie solemne t\u00eb zhvilluar n\u00eb Pallatin e Kultur\u00ebs \u201cAleksand\u00ebr Moisiu\u201d n\u00eb Durr\u00ebs ish-futbollist\u00ebt e shquar durrsak\u00eb gjat\u00eb viteve 1970-80-t\u00eb t\u00eb \u201cLokomotiv\u00ebs\u201d, \u201cDinamos\u201d \u201cPartizanit\u201d, \u201cVllaznis\u00eb\u201d dhe t\u00eb Ekipit Komb\u00ebtar shqiptar, dy v\u00ebllez\u00ebrit\u00a0Shyqyri dhe Haxhi Ballgjini\u00a0me\u00a0Titullin \u201cMjesht\u00ebr i Madh\u201d. Presidenti Meta u dor\u00ebzoi dy v\u00ebllez\u00ebrve Ballgjini titujt [&hellip;]<\/p>\n","protected":false},"author":2013,"featured_media":98703,"comment_status":"open","ping_status":"closed","sticky":false,"template":"","format":"standard","meta":{"footnotes":""},"categories":[241,235],"tags":[],"class_list":{"0":"post-98702","1":"post","2":"type-post","3":"status-publish","4":"format-standard","5":"has-post-thumbnail","7":"category-aktualitet","8":"category-vendi"},"_links":{"self":[{"href":"https:\/\/zjarr.tv\/en\/wp-json\/wp\/v2\/posts\/98702","targetHints":{"allow":["GET"]}}],"collection":[{"href":"https:\/\/zjarr.tv\/en\/wp-json\/wp\/v2\/posts"}],"about":[{"href":"https:\/\/zjarr.tv\/en\/wp-json\/wp\/v2\/types\/post"}],"author":[{"embeddable":true,"href":"https:\/\/zjarr.tv\/en\/wp-json\/wp\/v2\/users\/2013"}],"replies":[{"embeddable":true,"href":"https:\/\/zjarr.tv\/en\/wp-json\/wp\/v2\/comments?post=98702"}],"version-history":[{"count":0,"href":"https:\/\/zjarr.tv\/en\/wp-json\/wp\/v2\/posts\/98702\/revisions"}],"wp:featuredmedia":[{"embeddable":true,"href":"https:\/\/zjarr.tv\/en\/wp-json\/wp\/v2\/media\/98703"}],"wp:attachment":[{"href":"https:\/\/zjarr.tv\/en\/wp-json\/wp\/v2\/media?parent=98702"}],"wp:term":[{"taxonomy":"category","embeddable":true,"href":"https:\/\/zjarr.tv\/en\/wp-json\/wp\/v2\/categories?post=98702"},{"taxonomy":"post_tag","embeddable":true,"href":"https:\/\/zjarr.tv\/en\/wp-json\/wp\/v2\/tags?post=98702"}],"curies":[{"name":"wp","href":"https:\/\/api.w.org\/{rel}","templated":true}]}}