{"id":98708,"date":"2019-07-26T15:21:52","date_gmt":"2019-07-26T13:21:52","guid":{"rendered":"https:\/\/zjarr.tv\/?p=98708"},"modified":"2019-07-26T15:21:52","modified_gmt":"2019-07-26T13:21:52","slug":"e-dinim-me-arrest-shtepie-kapet-me-mallra-kontrabande","status":"publish","type":"post","link":"https:\/\/zjarr.tv\/en\/e-dinim-me-arrest-shtepie-kapet-me-mallra-kontrabande\/","title":{"rendered":"E dinim me arrest sht\u00ebpie, kapet me mallra kontraband\u00eb"},"content":{"rendered":"<p>&nbsp;<\/p>\n<p>Nj\u00eb 47-vje\u00e7ar q\u00eb theu mas\u00ebn e siguris\u00eb \u201cArrest n\u00eb sht\u00ebpi\u201d dhe tregtonte mallra kontraband\u00eb \u00ebsht\u00eb arrestuar nga policia.<\/p>\n<p>Shtetasi me iniciale A. H., banues n\u00eb Tiran\u00eb u kap n\u00eb rrug\u00ebn \u201cGjergj Legisi \u201d n\u00eb Laprak\u00eb, duke l\u00ebvizur me automjetin e tij, n\u00eb t\u00eb cilin kishte t\u00eb ngarkuara \u00a058 steka cigare t\u00eb markave t\u00eb ndryshme, pa pull\u00eb fiskale.<\/p>\n<p><em>&#8220;A. H., 47 vje\u00e7, banues n\u00eb Tiran\u00eb, duke qen\u00eb me mas\u00eb sigurie \u201cArrest n\u00eb sht\u00ebpi\u201d, t\u00eb dh\u00ebn\u00eb nga Gjykata e Apelit Tiran\u00eb, kishte thyer mas\u00ebn e siguris\u00eb dhe ushtronte aktivitet duke tregtuar mallra pa pull\u00eb fiskale, kryesisht cigare t\u00eb markave t\u00eb ndryshme,&#8221;-<\/em>raporton policia.<\/p>\n<p>Materialet procedurale n\u00eb ngarkim t\u00eb k\u00ebtij shtetasi do t\u2019i kalojn\u00eb Prokuroris\u00eb s\u00eb Rrethit Gjyq\u00ebsor Tiran\u00eb p\u00ebr veprat penale \u201cKontraband\u00eb me mallra qe paguhet aksiz\u00eb&#8221;, \u201cTregtim dhe transportim i mallrave q\u00eb jan\u00eb kontrabande&#8221;, &#8220;Ruajtja apo depozitimi i mallrave q\u00eb jan\u00eb kontraband\u00eb&#8221;, &#8220;Fshehja e t\u00eb ardhurave \u201d dhe \u201cLargimi i t\u00eb burgosurit nga vendi i qendrimit&#8221;.<\/p>\n<p>&nbsp;<\/p>","protected":false},"excerpt":{"rendered":"<p>&nbsp; Nj\u00eb 47-vje\u00e7ar q\u00eb theu mas\u00ebn e siguris\u00eb \u201cArrest n\u00eb sht\u00ebpi\u201d dhe tregtonte mallra kontraband\u00eb \u00ebsht\u00eb arrestuar nga policia. Shtetasi me iniciale A. H., banues n\u00eb Tiran\u00eb u kap n\u00eb rrug\u00ebn \u201cGjergj Legisi \u201d n\u00eb Laprak\u00eb, duke l\u00ebvizur me automjetin e tij, n\u00eb t\u00eb cilin kishte t\u00eb ngarkuara \u00a058 steka cigare t\u00eb markave t\u00eb ndryshme, [&hellip;]<\/p>\n","protected":false},"author":2013,"featured_media":98709,"comment_status":"open","ping_status":"closed","sticky":false,"template":"","format":"standard","meta":{"footnotes":""},"categories":[241,235],"tags":[],"class_list":{"0":"post-98708","1":"post","2":"type-post","3":"status-publish","4":"format-standard","5":"has-post-thumbnail","7":"category-aktualitet","8":"category-vendi"},"_links":{"self":[{"href":"https:\/\/zjarr.tv\/en\/wp-json\/wp\/v2\/posts\/98708","targetHints":{"allow":["GET"]}}],"collection":[{"href":"https:\/\/zjarr.tv\/en\/wp-json\/wp\/v2\/posts"}],"about":[{"href":"https:\/\/zjarr.tv\/en\/wp-json\/wp\/v2\/types\/post"}],"author":[{"embeddable":true,"href":"https:\/\/zjarr.tv\/en\/wp-json\/wp\/v2\/users\/2013"}],"replies":[{"embeddable":true,"href":"https:\/\/zjarr.tv\/en\/wp-json\/wp\/v2\/comments?post=98708"}],"version-history":[{"count":0,"href":"https:\/\/zjarr.tv\/en\/wp-json\/wp\/v2\/posts\/98708\/revisions"}],"wp:featuredmedia":[{"embeddable":true,"href":"https:\/\/zjarr.tv\/en\/wp-json\/wp\/v2\/media\/98709"}],"wp:attachment":[{"href":"https:\/\/zjarr.tv\/en\/wp-json\/wp\/v2\/media?parent=98708"}],"wp:term":[{"taxonomy":"category","embeddable":true,"href":"https:\/\/zjarr.tv\/en\/wp-json\/wp\/v2\/categories?post=98708"},{"taxonomy":"post_tag","embeddable":true,"href":"https:\/\/zjarr.tv\/en\/wp-json\/wp\/v2\/tags?post=98708"}],"curies":[{"name":"wp","href":"https:\/\/api.w.org\/{rel}","templated":true}]}}