{"id":99178,"date":"2019-07-28T22:10:29","date_gmt":"2019-07-28T20:10:29","guid":{"rendered":"https:\/\/zjarr.tv\/?p=99178"},"modified":"2019-07-28T16:52:14","modified_gmt":"2019-07-28T14:52:14","slug":"686-emigrante-tembytur-ne-ujerat-e-mesdheut-vetem-ne-7-muaj","status":"publish","type":"post","link":"https:\/\/zjarr.tv\/en\/686-emigrante-tembytur-ne-ujerat-e-mesdheut-vetem-ne-7-muaj\/","title":{"rendered":"686 emigrant\u00eb t\u00ebmbytur n\u00eb uj\u00ebrat e Mesdheut, vet\u00ebm n\u00eb 7 muaj"},"content":{"rendered":"<p>&nbsp;<\/p>\n<p>N\u00eb shtat\u00eb muajt e par\u00eb t\u00eb k\u00ebtij viti n\u00eb uj\u00ebrat e Mesdheut kan\u00eb humbur jet\u00ebn m\u00eb shum\u00eb se 680 migrant\u00eb t\u00eb padeklaruar, t\u00eb cil\u00ebt tentuan t\u00eb arrijn\u00eb n\u00eb ndonj\u00eb nga vendet evropiane, tregojn\u00eb t\u00eb dh\u00ebnat e Organizat\u00ebs Nd\u00ebrkomb\u00ebtare p\u00ebr Migracion (IOM), raporton Anadolu Agency (AA).<\/p>\n<p>IOM publikoi edhe informacionin se nga fillimi i vitit deri m\u00eb 24 korrik, p\u00ebrmes Mesdheut, n\u00eb Evrop\u00eb hyn\u00eb 36.670 migrant\u00eb.<\/p>\n<p>N\u00eb k\u00ebt\u00eb rrug\u00eb jet\u00ebn e kan\u00eb humbur 686 migrant\u00eb. Megjithat\u00eb, konsiderojn\u00eb, nd\u00ebrsa duke iu bazuar shifrave, se numri i migrant\u00ebve q\u00eb vijn\u00eb n\u00eb Evrop\u00eb, sivjet \u00ebsht\u00eb ulur n\u00eb raport me periudh\u00ebn e nj\u00ebjt\u00eb t\u00eb vitit t\u00eb kaluar.<\/p>\n<p>Pjesa m\u00eb e madhe e migrant\u00ebve, 83 p\u00ebr qind e tyre, kan\u00eb zgjedhur Greqin\u00eb dhe Spanj\u00ebn. N\u00eb Greqi kan\u00eb hyr\u00eb m\u00eb shum\u00eb se 17.990, nd\u00ebrsa n\u00eb Spanj\u00eb m\u00eb shum\u00eb se 12.440 migrant\u00eb.<\/p>\n<p>N\u00eb Greqi kryesisht gjenden migrant\u00eb nga Afganistani, Siria, Iraku, Palestina, Republika Demokratike e Kongos, Irani dhe Somalia.<\/p>\n<p>N\u00eb bregun e Libis\u00eb t\u00eb enjten ndodhi fatkeq\u00ebsi e re ku si pasoj\u00eb e fundosjes s\u00eb gomon\u00ebve u zdhuk\u00ebn 150 migrant\u00eb. Ekziston shqet\u00ebsimi se nuk ka t\u00eb mbijetuar dhe se numri i t\u00eb vdekurve nga fillimi i vitit mund t\u00eb rritet n\u00eb 800.<\/p>\n<p>&nbsp;<\/p>","protected":false},"excerpt":{"rendered":"<p>&nbsp; N\u00eb shtat\u00eb muajt e par\u00eb t\u00eb k\u00ebtij viti n\u00eb uj\u00ebrat e Mesdheut kan\u00eb humbur jet\u00ebn m\u00eb shum\u00eb se 680 migrant\u00eb t\u00eb padeklaruar, t\u00eb cil\u00ebt tentuan t\u00eb arrijn\u00eb n\u00eb ndonj\u00eb nga vendet evropiane, tregojn\u00eb t\u00eb dh\u00ebnat e Organizat\u00ebs Nd\u00ebrkomb\u00ebtare p\u00ebr Migracion (IOM), raporton Anadolu Agency (AA). IOM publikoi edhe informacionin se nga fillimi i vitit [&hellip;]<\/p>\n","protected":false},"author":2013,"featured_media":99179,"comment_status":"open","ping_status":"closed","sticky":false,"template":"","format":"standard","meta":{"footnotes":""},"categories":[241],"tags":[],"class_list":{"0":"post-99178","1":"post","2":"type-post","3":"status-publish","4":"format-standard","5":"has-post-thumbnail","7":"category-aktualitet"},"_links":{"self":[{"href":"https:\/\/zjarr.tv\/en\/wp-json\/wp\/v2\/posts\/99178","targetHints":{"allow":["GET"]}}],"collection":[{"href":"https:\/\/zjarr.tv\/en\/wp-json\/wp\/v2\/posts"}],"about":[{"href":"https:\/\/zjarr.tv\/en\/wp-json\/wp\/v2\/types\/post"}],"author":[{"embeddable":true,"href":"https:\/\/zjarr.tv\/en\/wp-json\/wp\/v2\/users\/2013"}],"replies":[{"embeddable":true,"href":"https:\/\/zjarr.tv\/en\/wp-json\/wp\/v2\/comments?post=99178"}],"version-history":[{"count":0,"href":"https:\/\/zjarr.tv\/en\/wp-json\/wp\/v2\/posts\/99178\/revisions"}],"wp:featuredmedia":[{"embeddable":true,"href":"https:\/\/zjarr.tv\/en\/wp-json\/wp\/v2\/media\/99179"}],"wp:attachment":[{"href":"https:\/\/zjarr.tv\/en\/wp-json\/wp\/v2\/media?parent=99178"}],"wp:term":[{"taxonomy":"category","embeddable":true,"href":"https:\/\/zjarr.tv\/en\/wp-json\/wp\/v2\/categories?post=99178"},{"taxonomy":"post_tag","embeddable":true,"href":"https:\/\/zjarr.tv\/en\/wp-json\/wp\/v2\/tags?post=99178"}],"curies":[{"name":"wp","href":"https:\/\/api.w.org\/{rel}","templated":true}]}}