{"id":99232,"date":"2019-07-29T13:06:31","date_gmt":"2019-07-29T11:06:31","guid":{"rendered":"https:\/\/zjarr.tv\/?p=99232"},"modified":"2019-07-29T13:06:31","modified_gmt":"2019-07-29T11:06:31","slug":"policia-terror-ne-bashkine-devoll-nallbati-bashkia-eshte-e-pushtuar","status":"publish","type":"post","link":"https:\/\/zjarr.tv\/en\/policia-terror-ne-bashkine-devoll-nallbati-bashkia-eshte-e-pushtuar\/","title":{"rendered":"Policia terror n\u00eb Bashkin\u00eb Devoll, Nallbati: Bashkia \u00ebsht\u00eb e pushtuar\u2026"},"content":{"rendered":"<p>&nbsp;<\/p>\n<p>N\u00eb ambientet e bashkis\u00eb Devolla ndodhen q\u00eb nga mesnata me dhejtra forca\u00a0policie. Efektiv\u00ebt jan\u00eb t\u00eb pranish\u00ebm n\u00eb ambientet e jasht\u00eb dhebfranda institucionit.<\/p>\n<p>Nd\u00ebrkoh\u00eb kryetari i ri i bashkis\u00eb Eduard Duro I emrura nga votimet moniste t\u00eb 30 qershorit ka shkuar n\u00eb zyr\u00eb dit\u00ebn e sotme q\u00eb n\u00eb or\u00ebn 06:30. Nd\u00ebrkoh\u00eb q\u00eb para bashkis\u00eb kan\u00eb filluar q\u00eb t\u00eb grumbullohen edhe mb\u00ebshtet\u00ebsit e opozit\u00ebs\u00a0prej or\u00ebs 07:30.<\/p>\n<p>Militant\u00ebt e Rilindjes n\u00eb prani t\u00eb prefektit t\u00eb Kor\u00e7\u00ebs kan\u00eb \u00e7montuar brav\u00ebn e der\u00ebs s\u00eb jashtme dhe t\u00eb dyerve t\u00eb brendshme p\u00ebr t&#8217;u futur brenda, teksa nga zyra e re kryetari i ri dha edhe intervist\u00ebn e par\u00eb dit\u00ebn e premte.<\/p>\n<p>Pak m\u00eb her\u00ebt ka mb\u00ebrritur n\u00eb bashki edhe ish-kryebashkiaku Bledion Nallbati, i shoq\u00ebruar nga administrata.<\/p>\n<p>N\u00eb fjal\u00ebn e tij para gazetar\u00ebve, ish-kryebashiaku ka deklaruar se bashkia \u00ebsht\u00eb pushtuar dhe administrata nuk mund t\u00eb punoj\u00eb n\u00ebn terrorin e polic\u00ebve. Ai \u00ebsht\u00eb shprehur se do t\u00eb vazhdoj\u00eb t\u2019iu sh\u00ebrbej\u00eb qytetar\u00ebve dhe do shkoj\u00eb \u00e7do dit\u00eb te bashkia.<\/p>\n<p>\u201cBashkia u dhunua n\u00eb prezenc\u00eb t\u00eb deputet\u00ebve dhe prefektit t\u00eb Kor\u00e7\u00ebs. Brenda bashkis\u00eb ka Forca Speciale. Un\u00eb jam kryetari i ligjsh\u00ebm i bashkis\u00eb, i zgjedhur nga 59% e qytetar\u00ebve. Do jem k\u00ebtu \u00e7do dit\u00eb, 24or\u00eb n\u00eb dit\u00eb.<\/p>\n<p>Do t\u00eb vazhdoj t\u2019iu sh\u00ebrbej qytetar\u00ebve. Bashkia \u00ebsht\u00eb pushtuar. Nuk di \u00e7\u2019ka ndodhur me dokumentacionin q\u00eb ndodhet n\u00eb zyr\u00eb. Administrata nuk mund t\u00eb hyj\u00eb n\u00eb bashki dhe t\u00eb nis\u00eb pun\u00ebn n\u00ebn terrorin e policis\u00eb\u201d, ka th\u00ebn\u00eb Nallbati.<\/p>\n<p>&nbsp;<\/p>","protected":false},"excerpt":{"rendered":"<p>&nbsp; N\u00eb ambientet e bashkis\u00eb Devolla ndodhen q\u00eb nga mesnata me dhejtra forca\u00a0policie. Efektiv\u00ebt jan\u00eb t\u00eb pranish\u00ebm n\u00eb ambientet e jasht\u00eb dhebfranda institucionit. Nd\u00ebrkoh\u00eb kryetari i ri i bashkis\u00eb Eduard Duro I emrura nga votimet moniste t\u00eb 30 qershorit ka shkuar n\u00eb zyr\u00eb dit\u00ebn e sotme q\u00eb n\u00eb or\u00ebn 06:30. Nd\u00ebrkoh\u00eb q\u00eb para bashkis\u00eb kan\u00eb [&hellip;]<\/p>\n","protected":false},"author":2013,"featured_media":99233,"comment_status":"open","ping_status":"closed","sticky":false,"template":"","format":"standard","meta":{"footnotes":""},"categories":[241,235],"tags":[],"class_list":{"0":"post-99232","1":"post","2":"type-post","3":"status-publish","4":"format-standard","5":"has-post-thumbnail","7":"category-aktualitet","8":"category-vendi"},"_links":{"self":[{"href":"https:\/\/zjarr.tv\/en\/wp-json\/wp\/v2\/posts\/99232","targetHints":{"allow":["GET"]}}],"collection":[{"href":"https:\/\/zjarr.tv\/en\/wp-json\/wp\/v2\/posts"}],"about":[{"href":"https:\/\/zjarr.tv\/en\/wp-json\/wp\/v2\/types\/post"}],"author":[{"embeddable":true,"href":"https:\/\/zjarr.tv\/en\/wp-json\/wp\/v2\/users\/2013"}],"replies":[{"embeddable":true,"href":"https:\/\/zjarr.tv\/en\/wp-json\/wp\/v2\/comments?post=99232"}],"version-history":[{"count":0,"href":"https:\/\/zjarr.tv\/en\/wp-json\/wp\/v2\/posts\/99232\/revisions"}],"wp:featuredmedia":[{"embeddable":true,"href":"https:\/\/zjarr.tv\/en\/wp-json\/wp\/v2\/media\/99233"}],"wp:attachment":[{"href":"https:\/\/zjarr.tv\/en\/wp-json\/wp\/v2\/media?parent=99232"}],"wp:term":[{"taxonomy":"category","embeddable":true,"href":"https:\/\/zjarr.tv\/en\/wp-json\/wp\/v2\/categories?post=99232"},{"taxonomy":"post_tag","embeddable":true,"href":"https:\/\/zjarr.tv\/en\/wp-json\/wp\/v2\/tags?post=99232"}],"curies":[{"name":"wp","href":"https:\/\/api.w.org\/{rel}","templated":true}]}}