{"id":99462,"date":"2019-07-30T13:22:27","date_gmt":"2019-07-30T11:22:27","guid":{"rendered":"https:\/\/zjarr.tv\/?p=99462"},"modified":"2019-07-30T13:22:27","modified_gmt":"2019-07-30T11:22:27","slug":"schutz-le-shqiperine-partite-te-kontribuojne-per-integrimin","status":"publish","type":"post","link":"https:\/\/zjarr.tv\/en\/schutz-le-shqiperine-partite-te-kontribuojne-per-integrimin\/","title":{"rendered":"Sch\u00fctz l\u00eb Shqip\u00ebrin\u00eb: Partit\u00eb t\u00eb kontribuojn\u00eb p\u00ebr integrimin"},"content":{"rendered":"<p>&nbsp;<\/p>\n<p>N\u00eb p\u00ebrfundim t\u00eb mandatit t\u00eb saj n\u00eb Shqip\u00ebri, ambasadorja gjermane Sussane Sch\u00fctz, thot\u00eb se ka l\u00ebn\u00eb pas tre vite emocionuese dhe t\u00eb mbushura me p\u00ebrjetime si Ambasadore. P\u00ebrmes nj\u00eb postimi n\u00eb facebook, ku ndan me ndjek\u00ebsit, foto nga takimet e lamtumir\u00ebs me krer\u00eb t\u00eb shtetit, Sch\u00fctz thekson se do t\u00eb vazhdoj t\u00eb angazhohetp\u00ebr Shqip\u00ebrin\u00eb. Nj\u00eb apel t\u00eb fundit Sch\u00fctz e ka edhe p\u00ebr partit\u00eb politike, duke q\u00ebne se l\u00eb vendin ton\u00eb n\u00eb nj\u00eb kriz\u00eb t\u00eb thell\u00eb politike.<\/p>\n<p>\u201cN\u00eb situat\u00ebn aktuale t\u00eb gjitha forcat politike do t\u00eb duhej t\u00eb kontribuonin n\u00eb m\u00ebnyr\u00eb konstruktive n\u00eb krijimin e kushteve p\u00ebr nisjen e shpejt\u00eb t\u00eb bisedimeve t\u00eb an\u00ebtar\u00ebsimit me BE-n\u00eb si dhe p\u00ebr t\u00eb mos humbur objektivin e p\u00ebrbashk\u00ebt t\u00eb p\u00ebrafrimit me Bashkimin Evropian, i cili mb\u00ebshtetet nga shumica d\u00ebrrmuese e qytetar\u00ebve shqiptar\u00eb. Un\u00eb do t\u00eb vazhdoj edhe n\u00eb t\u00eb ardhmen t\u00eb angazhohem p\u00ebr Shqip\u00ebrin\u00eb dhe fqinj\u00ebt e saj n\u00eb rajon n\u00eb funksionin tim t\u00eb ri n\u00eb Berlin.\u201d shkruan\u00a0Sch\u00fctz.<\/p>\n<p><strong>Postimi i plot\u00eb:<\/strong><\/p>\n<p>Pas tre vitesh Ambasadorja Gjermane Susanne Sch\u00fctz kthehet n\u00eb Berlin. Pak dit\u00eb para largimit ajo u takua dhe zhvilloi biseda me zyrtar\u00eb dhe politikan\u00eb. Me rastin e lamtumir\u00ebs ajo deklaroi:<\/p>\n<p>\u201eKam l\u00ebn\u00eb pas tre vite emocionuese dhe t\u00eb mbushura me p\u00ebrjetime si Ambasadore n\u00eb Shqip\u00ebri. Gjat\u00eb k\u00ebsaj kohe kam mundur t\u00eb zbuloj nj\u00eb vend t\u00eb mrekulluesh\u00ebm me histori mbres\u00ebl\u00ebn\u00ebse, thesare t\u00eb shumta kulturore e para s\u00eb gjithash me njer\u00ebz t\u00eb p\u00ebrzem\u00ebrt. D\u00ebshiroj t\u00eb fal\u00ebnderoj t\u00eb gjith\u00eb ata q\u00eb s\u00eb bashku me mua dhe ekipin tim kan\u00eb pasuruar n\u00eb k\u00ebto tre vite marr\u00ebdh\u00ebniet gjermano-shqiptare me besimin dhe angazhimin e tyre personal.<\/p>\n<p>N\u00eb tre vitet e shkuara kam par\u00eb nj\u00eb Shqip\u00ebri, q\u00eb ka nisur me kurajo reforma t\u00eb r\u00ebnd\u00ebsishme, n\u00eb m\u00ebnyr\u00eb t\u00eb ve\u00e7ant\u00eb at\u00eb n\u00eb sistemin e drejt\u00ebsis\u00eb. Tani do t\u00eb jet\u00eb e r\u00ebnd\u00ebsishme q\u00eb Shqip\u00ebria t\u00eb vijoj\u00eb m\u00eb tej k\u00ebto reforma e t\u00eb luftoj\u00eb edhe m\u00eb e vendosur e m\u00eb me efektivitet kund\u00ebr korrupsionit e krimit t\u00eb organizuar. Sepse t\u00eb gjith\u00eb ne e ndjekim me v\u00ebmendje objektivin e nj\u00eb Shqip\u00ebrie, ku parimet demokratike, shteti ligjor dhe t\u00eb drejtat e njeriut t\u00eb mbahen lart duke ecur me sukses n\u00eb rrug\u00ebn e p\u00ebrafrimit me Bashkimin Evropian. Ndaj n\u00eb situat\u00ebn aktuale t\u00eb gjitha forcat politike do t\u00eb duhej t\u00eb kontribuonin n\u00eb m\u00ebnyr\u00eb konstruktive n\u00eb krijimin e kushteve p\u00ebr nisjen e shpejt\u00eb t\u00eb bisedimeve t\u00eb an\u00ebtar\u00ebsimit me BE-n\u00eb si dhe p\u00ebr t\u00eb mos humbur objektivin e p\u00ebrbashk\u00ebt t\u00eb p\u00ebrafrimit me Bashkimin Evropian, i cili mb\u00ebshtetet nga shumica d\u00ebrrmuese e qytetar\u00ebve shqiptar\u00eb. Un\u00eb do t\u00eb vazhdoj edhe n\u00eb t\u00eb ardhmen t\u00eb angazhohem p\u00ebr Shqip\u00ebrin\u00eb dhe fqinj\u00ebt e saj n\u00eb rajon n\u00eb funksionin tim t\u00eb ri n\u00eb Berlin.\u201c<\/p>\n<p>&nbsp;<\/p>","protected":false},"excerpt":{"rendered":"<p>&nbsp; N\u00eb p\u00ebrfundim t\u00eb mandatit t\u00eb saj n\u00eb Shqip\u00ebri, ambasadorja gjermane Sussane Sch\u00fctz, thot\u00eb se ka l\u00ebn\u00eb pas tre vite emocionuese dhe t\u00eb mbushura me p\u00ebrjetime si Ambasadore. P\u00ebrmes nj\u00eb postimi n\u00eb facebook, ku ndan me ndjek\u00ebsit, foto nga takimet e lamtumir\u00ebs me krer\u00eb t\u00eb shtetit, Sch\u00fctz thekson se do t\u00eb vazhdoj t\u00eb angazhohetp\u00ebr Shqip\u00ebrin\u00eb. [&hellip;]<\/p>\n","protected":false},"author":2013,"featured_media":99463,"comment_status":"open","ping_status":"closed","sticky":false,"template":"","format":"standard","meta":{"footnotes":""},"categories":[241,235],"tags":[],"class_list":{"0":"post-99462","1":"post","2":"type-post","3":"status-publish","4":"format-standard","5":"has-post-thumbnail","7":"category-aktualitet","8":"category-vendi"},"_links":{"self":[{"href":"https:\/\/zjarr.tv\/en\/wp-json\/wp\/v2\/posts\/99462","targetHints":{"allow":["GET"]}}],"collection":[{"href":"https:\/\/zjarr.tv\/en\/wp-json\/wp\/v2\/posts"}],"about":[{"href":"https:\/\/zjarr.tv\/en\/wp-json\/wp\/v2\/types\/post"}],"author":[{"embeddable":true,"href":"https:\/\/zjarr.tv\/en\/wp-json\/wp\/v2\/users\/2013"}],"replies":[{"embeddable":true,"href":"https:\/\/zjarr.tv\/en\/wp-json\/wp\/v2\/comments?post=99462"}],"version-history":[{"count":0,"href":"https:\/\/zjarr.tv\/en\/wp-json\/wp\/v2\/posts\/99462\/revisions"}],"wp:featuredmedia":[{"embeddable":true,"href":"https:\/\/zjarr.tv\/en\/wp-json\/wp\/v2\/media\/99463"}],"wp:attachment":[{"href":"https:\/\/zjarr.tv\/en\/wp-json\/wp\/v2\/media?parent=99462"}],"wp:term":[{"taxonomy":"category","embeddable":true,"href":"https:\/\/zjarr.tv\/en\/wp-json\/wp\/v2\/categories?post=99462"},{"taxonomy":"post_tag","embeddable":true,"href":"https:\/\/zjarr.tv\/en\/wp-json\/wp\/v2\/tags?post=99462"}],"curies":[{"name":"wp","href":"https:\/\/api.w.org\/{rel}","templated":true}]}}