{"id":99465,"date":"2019-07-30T13:55:35","date_gmt":"2019-07-30T11:55:35","guid":{"rendered":"https:\/\/zjarr.tv\/?p=99465"},"modified":"2019-07-30T13:55:35","modified_gmt":"2019-07-30T11:55:35","slug":"treshja-e-forte-e-ldk-se-sot-merr-vendimin-e-madh","status":"publish","type":"post","link":"https:\/\/zjarr.tv\/en\/treshja-e-forte-e-ldk-se-sot-merr-vendimin-e-madh\/","title":{"rendered":"Treshja e \u2018fort\u00eb\u2019 e LDK-s\u00eb, sot merr vendimin e madh"},"content":{"rendered":"<p>&nbsp;<\/p>\n<p>Lidhja Demokratike e \u00a0Kosov\u00ebs, n\u00eb k\u00ebto momente \u00ebsht\u00eb duke u b\u00ebr\u00eb gati p\u00ebr t\u00eb nisur nj\u00eb mbledhje urgjente t\u00eb kryesis\u00eb q\u00ebndrore t\u00eb partis\u00eb, kan\u00eb b\u00ebr\u00eb ditura burime t\u00eb Syri.net Kosova.<\/p>\n<p>Ky takim \u00ebsht\u00eb thirrur nga Kryetari i LDK-s\u00eb, Isa Mustafa, n\u00eb selin\u00eb qendrore, tek \u2018Qafa\u2019<\/p>\n<p>Burime t\u00eb Syri.net Kosova, b\u00ebjn\u00eb ditur se k\u00ebt\u00eb takim do t\u00eb diskutohet rreth mbar\u00ebvajtjes s\u00eb kuvendi zgjedhor t\u00eb s\u00eb shtun\u00ebs, kur do t\u00eb dalin organet e reja dhe kryetari i ri.<\/p>\n<p>Sipas burime t\u00eb Syri.net Kosova, do t\u00eb diskutohet dhe p\u00ebr emrat t\u00eb cil\u00ebt, do t\u00eb marrin pjes\u00eb n\u00eb gar\u00eb p\u00ebr postin e kryetari t\u00eb LDK-s\u00eb.<\/p>\n<p>Ku voto m\u00eb t\u00eb shum\u00eb nga delegatet e kuvendit, kan\u00eb Isa Mustafa, Agim Veliu dhe Lutfi Haziri, nga 355 delegat e kuvendit q\u00eb do t\u00eb marrin pjes\u00eb n\u00eb votim.<\/p>\n<p>N\u00ebse ka akordim nga treshja e \u2018fort\u00eb\u2019, pritet q\u00eb sot t\u00eb kemi nj\u00eb em\u00ebr t\u00eb vet\u00eb q\u00eb do t\u2019i prezantohet kuvendit zgjedhor si kandidat p\u00ebr kryetar\u00eb ka sakt\u00ebsuar burimi jon\u00eb.<\/p>\n<p>Lidhur me t\u00ebrheqjen p\u00ebr nj\u00eb kompromis, n\u00ebnkryetari i Lidhjes Demokratike t\u00eb Kosov\u00ebs, Lutfi Haziri, \u00a0ka th\u00ebn\u00eb\u00a0se do t\u00eb largohej nga gara n\u00ebse del nj\u00eb kandidat konsensual, pasi ai thot\u00eb se \u201cvet\u00eb jam propozues i k\u00ebtij standardi\u201d.<\/p>\n<p>Haziri ka th\u00ebn\u00eb se standardi aktual p\u00ebr nominimin e kandidat\u00ebve p\u00ebr kryetar t\u00eb LDK-s\u00eb \u00ebsht\u00eb i\u00a0 lart\u00eb.<\/p>\n<p>Kurse edhe ish-Presidenti Sejdiu ka shpalosur ambicie p\u00ebr t\u00eb qen\u00eb n\u00eb gar\u00eb p\u00ebr postin e shefit t\u00eb LDK-s\u00eb.<\/p>\n<p>&nbsp;<\/p>","protected":false},"excerpt":{"rendered":"<p>&nbsp; Lidhja Demokratike e \u00a0Kosov\u00ebs, n\u00eb k\u00ebto momente \u00ebsht\u00eb duke u b\u00ebr\u00eb gati p\u00ebr t\u00eb nisur nj\u00eb mbledhje urgjente t\u00eb kryesis\u00eb q\u00ebndrore t\u00eb partis\u00eb, kan\u00eb b\u00ebr\u00eb ditura burime t\u00eb Syri.net Kosova. Ky takim \u00ebsht\u00eb thirrur nga Kryetari i LDK-s\u00eb, Isa Mustafa, n\u00eb selin\u00eb qendrore, tek \u2018Qafa\u2019 Burime t\u00eb Syri.net Kosova, b\u00ebjn\u00eb ditur se k\u00ebt\u00eb takim [&hellip;]<\/p>\n","protected":false},"author":2013,"featured_media":99466,"comment_status":"open","ping_status":"closed","sticky":false,"template":"","format":"standard","meta":{"footnotes":""},"categories":[241,235],"tags":[],"class_list":{"0":"post-99465","1":"post","2":"type-post","3":"status-publish","4":"format-standard","5":"has-post-thumbnail","7":"category-aktualitet","8":"category-vendi"},"_links":{"self":[{"href":"https:\/\/zjarr.tv\/en\/wp-json\/wp\/v2\/posts\/99465","targetHints":{"allow":["GET"]}}],"collection":[{"href":"https:\/\/zjarr.tv\/en\/wp-json\/wp\/v2\/posts"}],"about":[{"href":"https:\/\/zjarr.tv\/en\/wp-json\/wp\/v2\/types\/post"}],"author":[{"embeddable":true,"href":"https:\/\/zjarr.tv\/en\/wp-json\/wp\/v2\/users\/2013"}],"replies":[{"embeddable":true,"href":"https:\/\/zjarr.tv\/en\/wp-json\/wp\/v2\/comments?post=99465"}],"version-history":[{"count":0,"href":"https:\/\/zjarr.tv\/en\/wp-json\/wp\/v2\/posts\/99465\/revisions"}],"wp:featuredmedia":[{"embeddable":true,"href":"https:\/\/zjarr.tv\/en\/wp-json\/wp\/v2\/media\/99466"}],"wp:attachment":[{"href":"https:\/\/zjarr.tv\/en\/wp-json\/wp\/v2\/media?parent=99465"}],"wp:term":[{"taxonomy":"category","embeddable":true,"href":"https:\/\/zjarr.tv\/en\/wp-json\/wp\/v2\/categories?post=99465"},{"taxonomy":"post_tag","embeddable":true,"href":"https:\/\/zjarr.tv\/en\/wp-json\/wp\/v2\/tags?post=99465"}],"curies":[{"name":"wp","href":"https:\/\/api.w.org\/{rel}","templated":true}]}}