{"id":99468,"date":"2019-07-30T13:56:31","date_gmt":"2019-07-30T11:56:31","guid":{"rendered":"https:\/\/zjarr.tv\/?p=99468"},"modified":"2019-07-30T13:56:31","modified_gmt":"2019-07-30T11:56:31","slug":"pushtimi-i-bashkise-basha-do-ta-shporrim-kete-pakice-nga-devolli-por-edhe-nga-gjithe-shqiperia","status":"publish","type":"post","link":"https:\/\/zjarr.tv\/en\/pushtimi-i-bashkise-basha-do-ta-shporrim-kete-pakice-nga-devolli-por-edhe-nga-gjithe-shqiperia\/","title":{"rendered":"Pushtimi i Bashkis\u00eb, Basha: Do ta shporrim k\u00ebt\u00eb pakic\u00eb nga Devolli por edhe nga gjith\u00eb Shqip\u00ebria"},"content":{"rendered":"<p>&nbsp;<\/p>\n<p>Kreu demokrat Lulzim Basha ka dh\u00ebn\u00eb nj\u00eb deklart\u00eb p\u00ebr mediat nga Devolli, aty ku nj\u00eb dit\u00eb m\u00eb par\u00eb kandidati i rilindjes i mb\u00ebshtetur nga dhjetra forca policore pushtoi zyr\u00ebn e bashkis\u00eb.<\/p>\n<p>\u201cKan\u00eb uzurpuar godin\u00ebn e bashkis\u00eb, tha kreu demokrat, duke shtura se opzita \u00ebsht\u00eb n\u00eb krah t\u00eb qytetar\u00ebve t\u00eb Devollit.<\/p>\n<p>\u201cAta q\u00eb kan\u00eb uzurpuar bashkin\u00eb e Devollit i kan\u00eb dit\u00ebt e num\u00ebruara\u201d.<\/p>\n<p>\u201cDo ta shporrim k\u00ebt\u00eb pakic\u00eb nga Devolli por edhe nga gjith\u00eb Shqip\u00ebria\u201d<\/p>\n<p>\u201cKjo hadit\u00ebri do t\u00eb mar\u00eb nje p\u00ebrgjigje\u201d.<\/p>\n<p>Sado te kete investuar Rama per kapjen e drejtesise,zgjidhja e krizes politike nuk do ti jape aminsti nga i pari tek i fundit per shkelesit e ligjit\u201d, ka th\u00ebn\u00eb Basha.<\/p>\n<p>&nbsp;<\/p>","protected":false},"excerpt":{"rendered":"<p>&nbsp; Kreu demokrat Lulzim Basha ka dh\u00ebn\u00eb nj\u00eb deklart\u00eb p\u00ebr mediat nga Devolli, aty ku nj\u00eb dit\u00eb m\u00eb par\u00eb kandidati i rilindjes i mb\u00ebshtetur nga dhjetra forca policore pushtoi zyr\u00ebn e bashkis\u00eb. \u201cKan\u00eb uzurpuar godin\u00ebn e bashkis\u00eb, tha kreu demokrat, duke shtura se opzita \u00ebsht\u00eb n\u00eb krah t\u00eb qytetar\u00ebve t\u00eb Devollit. \u201cAta q\u00eb kan\u00eb uzurpuar [&hellip;]<\/p>\n","protected":false},"author":2013,"featured_media":38161,"comment_status":"open","ping_status":"closed","sticky":false,"template":"","format":"standard","meta":{"footnotes":""},"categories":[241,235],"tags":[],"class_list":{"0":"post-99468","1":"post","2":"type-post","3":"status-publish","4":"format-standard","5":"has-post-thumbnail","7":"category-aktualitet","8":"category-vendi"},"_links":{"self":[{"href":"https:\/\/zjarr.tv\/en\/wp-json\/wp\/v2\/posts\/99468","targetHints":{"allow":["GET"]}}],"collection":[{"href":"https:\/\/zjarr.tv\/en\/wp-json\/wp\/v2\/posts"}],"about":[{"href":"https:\/\/zjarr.tv\/en\/wp-json\/wp\/v2\/types\/post"}],"author":[{"embeddable":true,"href":"https:\/\/zjarr.tv\/en\/wp-json\/wp\/v2\/users\/2013"}],"replies":[{"embeddable":true,"href":"https:\/\/zjarr.tv\/en\/wp-json\/wp\/v2\/comments?post=99468"}],"version-history":[{"count":0,"href":"https:\/\/zjarr.tv\/en\/wp-json\/wp\/v2\/posts\/99468\/revisions"}],"wp:featuredmedia":[{"embeddable":true,"href":"https:\/\/zjarr.tv\/en\/wp-json\/wp\/v2\/media\/38161"}],"wp:attachment":[{"href":"https:\/\/zjarr.tv\/en\/wp-json\/wp\/v2\/media?parent=99468"}],"wp:term":[{"taxonomy":"category","embeddable":true,"href":"https:\/\/zjarr.tv\/en\/wp-json\/wp\/v2\/categories?post=99468"},{"taxonomy":"post_tag","embeddable":true,"href":"https:\/\/zjarr.tv\/en\/wp-json\/wp\/v2\/tags?post=99468"}],"curies":[{"name":"wp","href":"https:\/\/api.w.org\/{rel}","templated":true}]}}