{"id":99485,"date":"2019-07-30T14:20:43","date_gmt":"2019-07-30T12:20:43","guid":{"rendered":"https:\/\/zjarr.tv\/?p=99485"},"modified":"2019-07-30T14:20:43","modified_gmt":"2019-07-30T12:20:43","slug":"babalja-gjykata-urdheron-shoqerim-me-force-te-gazmend-bardhit","status":"publish","type":"post","link":"https:\/\/zjarr.tv\/en\/babalja-gjykata-urdheron-shoqerim-me-force-te-gazmend-bardhit\/","title":{"rendered":"\u201cBabalja&#8221;, gjykata urdh\u00ebron shoq\u00ebrim me forc\u00eb t\u00eb Gazmend Bardhit"},"content":{"rendered":"<p>&nbsp;<\/p>\n<p>Gjykata e Tiran\u00ebs ka urdh\u00ebruar sot q\u00eb ish- deputeti i PD, Gazmend Bardhi t\u00eb sillet forc\u00ebrisht n\u00eb gjyqin ku po shqyrtohet dosja Babale.<\/p>\n<p>E nj\u00ebjta mas\u00eb \u00ebsht\u00eb k\u00ebrkuar dhe nga Prokuroria, pasi sipas tyre Bardhi \u00ebsht\u00eb njoftuar dy her\u00eb p\u00ebr t\u00eb d\u00ebshmuar n\u00eb k\u00ebt\u00eb gjyq, por heziton t\u00eb paraqitet.<\/p>\n<p>Gjithashtu, prokuror\u00ebt e \u00e7\u00ebshtjes k\u00ebrkuan shoq\u00ebrimin me forc\u00eb edhe t\u00eb prokurorit t\u00eb Krimeve t\u00eb R\u00ebnda, Besim Hajdarmataj.<\/p>\n<p>P\u00ebr k\u00ebt\u00eb, Gjykata vendosi ta njoftoj\u00eb s\u00ebrish seanc\u00ebn tjet\u00ebr, si dhe ju k\u00ebrkua drejtuesit t\u00eb Prokuroris\u00eb s\u00eb Krimeve t\u00eb R\u00ebnda t\u00eb v\u00ebr\u00eb n\u00eb dispozicion informacione p\u00ebr angazhimin e Hajdarmatajt gjat\u00eb dit\u00ebs s\u00eb sotme, rreth or\u00ebs 12:00.<\/p>\n<p>Kjo pasi, prokurori paraqiti n\u00eb seanc\u00ebn e sotme nj\u00eb shkres\u00eb, ku thoshte se nuk mund t\u00eb paraqitej p\u00ebr t\u00eb d\u00ebshmuar n\u00eb seanc\u00ebn e sotme pasi ishte i angazhuar n\u00eb nj\u00eb gjyq n\u00eb Gjykat\u00ebn e Krimeve t\u00eb R\u00ebnda. Sot, pritej te d\u00ebshmonte edhe biznesmeni Ylli Rakipi, i cili gjithashtu nuk \u00ebsht\u00eb paraqitur p\u00ebr shkak se ndodhej jasht\u00eb shtetit.<\/p>\n<p>Gjykata vendosi ta lajm\u00ebroj\u00eb s\u00ebrish Rakipin, duke e ven\u00eb n\u00eb dijeni p\u00ebr seanc\u00ebn e radh\u00ebs. Tre shtetasit e m\u00ebsip\u00ebrm pritej t\u00eb d\u00ebshmonin sot n\u00eb Gjykat\u00ebn e Tiran\u00ebs, p\u00ebr t\u00eb ashtuajtur\u00ebn dosja Babale. I pranish\u00ebm n\u00eb seanc\u00eb ishte i pandehuri Fredi Alizoti. Kujtojm\u00eb se kjo dosje mori nj\u00eb buj\u00eb politike vitin e kaluar, nd\u00ebrsa t\u00eb pandehur kan\u00eb p\u00ebrfunduar edhe ish deputeti Ervin Salianji, gazetari Jetmir Olldashi dhe Albert Veliu, i ashtuquajtur me nofk\u00ebn Babale.<\/p>\n<p>&nbsp;<\/p>","protected":false},"excerpt":{"rendered":"<p>&nbsp; Gjykata e Tiran\u00ebs ka urdh\u00ebruar sot q\u00eb ish- deputeti i PD, Gazmend Bardhi t\u00eb sillet forc\u00ebrisht n\u00eb gjyqin ku po shqyrtohet dosja Babale. E nj\u00ebjta mas\u00eb \u00ebsht\u00eb k\u00ebrkuar dhe nga Prokuroria, pasi sipas tyre Bardhi \u00ebsht\u00eb njoftuar dy her\u00eb p\u00ebr t\u00eb d\u00ebshmuar n\u00eb k\u00ebt\u00eb gjyq, por heziton t\u00eb paraqitet. Gjithashtu, prokuror\u00ebt e \u00e7\u00ebshtjes k\u00ebrkuan [&hellip;]<\/p>\n","protected":false},"author":2013,"featured_media":63748,"comment_status":"open","ping_status":"closed","sticky":false,"template":"","format":"standard","meta":{"footnotes":""},"categories":[241,235],"tags":[],"class_list":{"0":"post-99485","1":"post","2":"type-post","3":"status-publish","4":"format-standard","5":"has-post-thumbnail","7":"category-aktualitet","8":"category-vendi"},"_links":{"self":[{"href":"https:\/\/zjarr.tv\/en\/wp-json\/wp\/v2\/posts\/99485","targetHints":{"allow":["GET"]}}],"collection":[{"href":"https:\/\/zjarr.tv\/en\/wp-json\/wp\/v2\/posts"}],"about":[{"href":"https:\/\/zjarr.tv\/en\/wp-json\/wp\/v2\/types\/post"}],"author":[{"embeddable":true,"href":"https:\/\/zjarr.tv\/en\/wp-json\/wp\/v2\/users\/2013"}],"replies":[{"embeddable":true,"href":"https:\/\/zjarr.tv\/en\/wp-json\/wp\/v2\/comments?post=99485"}],"version-history":[{"count":0,"href":"https:\/\/zjarr.tv\/en\/wp-json\/wp\/v2\/posts\/99485\/revisions"}],"wp:featuredmedia":[{"embeddable":true,"href":"https:\/\/zjarr.tv\/en\/wp-json\/wp\/v2\/media\/63748"}],"wp:attachment":[{"href":"https:\/\/zjarr.tv\/en\/wp-json\/wp\/v2\/media?parent=99485"}],"wp:term":[{"taxonomy":"category","embeddable":true,"href":"https:\/\/zjarr.tv\/en\/wp-json\/wp\/v2\/categories?post=99485"},{"taxonomy":"post_tag","embeddable":true,"href":"https:\/\/zjarr.tv\/en\/wp-json\/wp\/v2\/tags?post=99485"}],"curies":[{"name":"wp","href":"https:\/\/api.w.org\/{rel}","templated":true}]}}