{"id":99490,"date":"2019-07-30T15:21:44","date_gmt":"2019-07-30T13:21:44","guid":{"rendered":"https:\/\/zjarr.tv\/?p=99490"},"modified":"2019-07-30T15:21:44","modified_gmt":"2019-07-30T13:21:44","slug":"meta-pa-zgjedhje-me-13-tetor-mos-prisni-mrekulli-nga-qielli-me-18-tetor","status":"publish","type":"post","link":"https:\/\/zjarr.tv\/en\/meta-pa-zgjedhje-me-13-tetor-mos-prisni-mrekulli-nga-qielli-me-18-tetor\/","title":{"rendered":"Meta: Pa zgjedhje m\u00eb 13 tetor mos prisni mrekulli nga qielli m\u00eb 18 tetor"},"content":{"rendered":"<ul>\n<li><\/li>\n<\/ul>\n<p>Presidenti Ilir Meta ndodhet n\u00eb konbferenc\u00eb p\u00ebr median.<\/p>\n<p>Si fillim njoftoi ngritjen e forumit: &#8220;Un\u00eb jam arb\u00ebresh&#8221;<\/p>\n<p>&#8220;Mandati im si ish student i dhjetorit dhe si politikan \u00ebsht\u00eb i p\u00ebrgjegjsh\u00ebm dhe i v\u00ebrtet\u00eb se cilitdo tjet\u00ebr. Nuk jam k\u00ebtu ti b\u00ebj qok\u00eb askujt.\u00a0E p\u00ebrs\u00ebris pa zgjedhje vendore gjith\u00ebp\u00ebrfshir\u00ebse m\u00eb 13 tetor mos prisni asnj\u00eb mrekulli t\u00eb bjer\u00eb nga qielli m\u00eb 18 tetor dhe m\u00eb 19 tetor t\u00eb gdhihemi me celje negociatash. Un\u00eb jam gati t\u00eb jap p\u00ebrgjegj\u00ebsi maksimale jo vet\u00ebm si president por dhe si nj\u00eb ish politikan aktiv&#8221;<\/p>\n<p>&nbsp;<\/p>","protected":false},"excerpt":{"rendered":"<p>Presidenti Ilir Meta ndodhet n\u00eb konbferenc\u00eb p\u00ebr median. Si fillim njoftoi ngritjen e forumit: &#8220;Un\u00eb jam arb\u00ebresh&#8221; &#8220;Mandati im si ish student i dhjetorit dhe si politikan \u00ebsht\u00eb i p\u00ebrgjegjsh\u00ebm dhe i v\u00ebrtet\u00eb se cilitdo tjet\u00ebr. Nuk jam k\u00ebtu ti b\u00ebj qok\u00eb askujt.\u00a0E p\u00ebrs\u00ebris pa zgjedhje vendore gjith\u00ebp\u00ebrfshir\u00ebse m\u00eb 13 tetor mos prisni asnj\u00eb mrekulli [&hellip;]<\/p>\n","protected":false},"author":2013,"featured_media":97012,"comment_status":"open","ping_status":"closed","sticky":false,"template":"","format":"standard","meta":{"footnotes":""},"categories":[241,235],"tags":[],"class_list":{"0":"post-99490","1":"post","2":"type-post","3":"status-publish","4":"format-standard","5":"has-post-thumbnail","7":"category-aktualitet","8":"category-vendi"},"_links":{"self":[{"href":"https:\/\/zjarr.tv\/en\/wp-json\/wp\/v2\/posts\/99490","targetHints":{"allow":["GET"]}}],"collection":[{"href":"https:\/\/zjarr.tv\/en\/wp-json\/wp\/v2\/posts"}],"about":[{"href":"https:\/\/zjarr.tv\/en\/wp-json\/wp\/v2\/types\/post"}],"author":[{"embeddable":true,"href":"https:\/\/zjarr.tv\/en\/wp-json\/wp\/v2\/users\/2013"}],"replies":[{"embeddable":true,"href":"https:\/\/zjarr.tv\/en\/wp-json\/wp\/v2\/comments?post=99490"}],"version-history":[{"count":0,"href":"https:\/\/zjarr.tv\/en\/wp-json\/wp\/v2\/posts\/99490\/revisions"}],"wp:featuredmedia":[{"embeddable":true,"href":"https:\/\/zjarr.tv\/en\/wp-json\/wp\/v2\/media\/97012"}],"wp:attachment":[{"href":"https:\/\/zjarr.tv\/en\/wp-json\/wp\/v2\/media?parent=99490"}],"wp:term":[{"taxonomy":"category","embeddable":true,"href":"https:\/\/zjarr.tv\/en\/wp-json\/wp\/v2\/categories?post=99490"},{"taxonomy":"post_tag","embeddable":true,"href":"https:\/\/zjarr.tv\/en\/wp-json\/wp\/v2\/tags?post=99490"}],"curies":[{"name":"wp","href":"https:\/\/api.w.org\/{rel}","templated":true}]}}