{"id":99492,"date":"2019-07-30T15:22:57","date_gmt":"2019-07-30T13:22:57","guid":{"rendered":"https:\/\/zjarr.tv\/?p=99492"},"modified":"2019-07-30T15:22:57","modified_gmt":"2019-07-30T13:22:57","slug":"meta-i-pervishet-rames-te-sfidoj-te-ngjisim-korabin-shkoj-te-doktori-kurne-be-nuk-shkohet-me-qoka","status":"publish","type":"post","link":"https:\/\/zjarr.tv\/en\/meta-i-pervishet-rames-te-sfidoj-te-ngjisim-korabin-shkoj-te-doktori-kurne-be-nuk-shkohet-me-qoka\/","title":{"rendered":"Meta i p\u00ebrvishet Ram\u00ebs: T\u00eb sfidoj t\u00eb ngjisim Korabin, shkoj te doktori kur\u2026n\u00eb BE nuk shkohet me qoka"},"content":{"rendered":"<p>&nbsp;<\/p>\n<p>Presidenti i vendit Ilir Meta n\u00eb nj\u00eb konferenc\u00eb p\u00ebr gazetar\u00ebt i \u00ebsht\u00eb p\u00ebrgjigjur kryeministrit Edi Rama, pasi ky i fundit i ofroi ndihm\u00eb.<\/p>\n<p>Meta u shpreh se ai koh\u00ebt e fundit \u00ebsht\u00eb mjaft n\u00eb form\u00eb, dhe i \u00ebsht\u00eb dedikuar edhe sporteve n\u00eb natyr\u00eb.<\/p>\n<p>P\u00ebr k\u00ebt\u00eb ai ftoi Ram\u00ebn q\u00eb t\u00eb dy s\u00eb bashku t\u00eb ngjisnin malin e Korabit, nd\u00ebrsa shtoi se nuk do t\u00eb largohej nga Shqip\u00ebria gjat\u00eb muajit Gusht n\u00eb pritje t\u00eb nj\u00eb afrimi mes pal\u00ebve p\u00ebr zgjidhjen e kriz\u00ebs.<\/p>\n<p>Duke kometuar marr\u00ebdh\u00ebniet e Ram\u00ebs me ambasador\u00ebs, Meta duke folu n\u00eb vet\u00ebn e par\u00eb tha se askush m\u00eb mir\u00eb se ai nuk e di fatin e integrimit t\u00eb Shqip\u00ebris\u00eb, duke qen\u00eb se ka 30 vite q\u00eb e ndjek nga af\u00ebr k\u00ebt\u00eb \u00e7\u00ebshtje.<\/p>\n<p>A keni ju nj\u00eb koment p\u00ebr faktin se Amerika dhe BE e mb\u00ebshtesin kryeministrin Edi Rama, nd\u00ebrsa ju thoni q\u00eb ai ka kapur t\u00eb gjith\u00eb institucionet?<\/p>\n<p>Meta:\u00a0Un\u00eb kam th\u00ebn\u00eb mjaft qart\u00eb se n\u00eb k\u00ebt\u00eb situat\u00eb krize t\u00eb thell\u00eb t\u00eb gjithanshme, aq m\u00eb tep\u00ebr me paaft\u00ebsin\u00eb dhe vullnetin p\u00ebr t\u00eb nd\u00ebrmarr\u00eb zgjedhje gjith\u00ebp\u00ebrfshir\u00ebse, ka nevoj\u00eb q\u00eb t\u00eb shihni q\u00ebndrimet e mija n\u00eb 30 vite p\u00ebr mb\u00ebshtetjen q\u00eb i kam dh\u00ebn\u00eb integrimit europian.<\/p>\n<p>P\u00ebr \u00e7\u00ebshtje t\u00eb integrimit europian mos u lodhni q\u00eb t\u00eb pyesni ambasador\u00ebt, at\u00eb t\u00eb v\u00ebrtet\u00eb m\u00eb mir\u00eb sesa un\u00eb nuk e di asnj\u00ebri, pasi t\u00eb gjith\u00eb e kan\u00eb mandatin e kufizuar.<\/p>\n<p>Mandati im si p\u00ebrfaq\u00ebses i isntitucioneve dhe aq m\u00eb tep\u00ebr sot si president \u00ebsht\u00eb m\u00eb i p\u00ebrgjegjsh\u00ebm se i cilitdo tjet\u00ebr. Un\u00eb jam k\u00ebtu q\u00eb ti sh\u00ebrbej interesit komb\u00ebtar. Mos prisni q\u00eb t\u00eb ndodh\u00eb asnj\u00eb mrekulli n\u00eb 18 Tetor p\u00ebr \u00e7\u00ebshtjen e negociatave.<\/p>\n<p>Rama tha se ju ndodheshit n\u00eb gjendje t\u00eb v\u00ebshtir\u00eb, dhe ai do ju ndihmonte n\u00ebse do ia k\u00ebrkonit<\/p>\n<p>Meta:\u00a0N\u00ebse kam ndonj\u00eb problem sh\u00ebndet\u00ebsor un\u00eb do shkoja te doktori, un\u00eb nuk kam nevoj\u00eb p\u00ebr piktura, pasi ai e di q\u00eb un\u00eb kam shum\u00eb t\u00eb tilla n\u00eb sht\u00ebpi.<\/p>\n<p>Tashm\u00eb jam gati q\u00eb t\u00eb ngjis maj\u00ebn m\u00eb t\u00eb lart\u00eb t\u00eb vendit n\u00eb Korab, n\u00ebse ai ka d\u00ebshir\u00eb q\u00eb t\u00eb na bashkohet mund t\u00eb vij\u00eb.<\/p>\n<p>Nuk kam nd\u00ebrmend q\u00eb t\u00eb largohem nga vendi, se jam gati q\u00eb ti sh\u00ebrbej zgjidhjes s\u00eb kriz\u00ebs politike. I vetmi shqet\u00ebsim i imi \u00ebsht\u00eb data 19 Tetor, dhe at\u00eb e kemi me mik.<\/p>\n<p>Rama tha se ai nuk del me rroba banjo q\u00eb t\u00eb sulmoj\u00eb ambasad\u00ebn amerikane, a keni ju nj\u00eb koment p\u00ebr k\u00ebt\u00eb?<\/p>\n<p>Meta:\u00a0Si\u00e7 ka shqiptar\u00eb t\u00eb ndrysh\u00ebm ka dhe nd\u00ebrkomb\u00ebtar\u00eb t\u00eb ndrysh\u00ebm, e thash\u00eb dhe po e p\u00ebrs\u00ebris, nuk realizohet integrimi europian me qoka. Shqiptar\u00ebt asnj\u00ebher\u00eb nuk do t\u00eb b\u00ebhen pjes\u00eb e p\u00ebrpjekjeve p\u00ebr t\u00eb gjuajtur pas shpine europ\u00ebn.<\/p>\n<p>&nbsp;<\/p>","protected":false},"excerpt":{"rendered":"<p>&nbsp; Presidenti i vendit Ilir Meta n\u00eb nj\u00eb konferenc\u00eb p\u00ebr gazetar\u00ebt i \u00ebsht\u00eb p\u00ebrgjigjur kryeministrit Edi Rama, pasi ky i fundit i ofroi ndihm\u00eb. Meta u shpreh se ai koh\u00ebt e fundit \u00ebsht\u00eb mjaft n\u00eb form\u00eb, dhe i \u00ebsht\u00eb dedikuar edhe sporteve n\u00eb natyr\u00eb. P\u00ebr k\u00ebt\u00eb ai ftoi Ram\u00ebn q\u00eb t\u00eb dy s\u00eb bashku t\u00eb [&hellip;]<\/p>\n","protected":false},"author":2013,"featured_media":97012,"comment_status":"open","ping_status":"closed","sticky":false,"template":"","format":"standard","meta":{"footnotes":""},"categories":[241,235],"tags":[],"class_list":{"0":"post-99492","1":"post","2":"type-post","3":"status-publish","4":"format-standard","5":"has-post-thumbnail","7":"category-aktualitet","8":"category-vendi"},"_links":{"self":[{"href":"https:\/\/zjarr.tv\/en\/wp-json\/wp\/v2\/posts\/99492","targetHints":{"allow":["GET"]}}],"collection":[{"href":"https:\/\/zjarr.tv\/en\/wp-json\/wp\/v2\/posts"}],"about":[{"href":"https:\/\/zjarr.tv\/en\/wp-json\/wp\/v2\/types\/post"}],"author":[{"embeddable":true,"href":"https:\/\/zjarr.tv\/en\/wp-json\/wp\/v2\/users\/2013"}],"replies":[{"embeddable":true,"href":"https:\/\/zjarr.tv\/en\/wp-json\/wp\/v2\/comments?post=99492"}],"version-history":[{"count":0,"href":"https:\/\/zjarr.tv\/en\/wp-json\/wp\/v2\/posts\/99492\/revisions"}],"wp:featuredmedia":[{"embeddable":true,"href":"https:\/\/zjarr.tv\/en\/wp-json\/wp\/v2\/media\/97012"}],"wp:attachment":[{"href":"https:\/\/zjarr.tv\/en\/wp-json\/wp\/v2\/media?parent=99492"}],"wp:term":[{"taxonomy":"category","embeddable":true,"href":"https:\/\/zjarr.tv\/en\/wp-json\/wp\/v2\/categories?post=99492"},{"taxonomy":"post_tag","embeddable":true,"href":"https:\/\/zjarr.tv\/en\/wp-json\/wp\/v2\/tags?post=99492"}],"curies":[{"name":"wp","href":"https:\/\/api.w.org\/{rel}","templated":true}]}}