{"id":99771,"date":"2019-07-31T16:34:53","date_gmt":"2019-07-31T14:34:53","guid":{"rendered":"https:\/\/zjarr.tv\/?p=99771"},"modified":"2019-07-31T16:34:53","modified_gmt":"2019-07-31T14:34:53","slug":"lekundje-te-forta-termeti-ne-juglindje-te-vendit","status":"publish","type":"post","link":"https:\/\/zjarr.tv\/en\/lekundje-te-forta-termeti-ne-juglindje-te-vendit\/","title":{"rendered":"L\u00ebkundje t\u00eb forta t\u00ebrmeti n\u00eb Juglindje t\u00eb vendit"},"content":{"rendered":"<p>&nbsp;<\/p>\n<p>Nj\u00eb t\u00ebrmet i fort\u00eb ka r\u00ebn\u00eb pak minuta m\u00eb par\u00eb n\u00eb zon\u00ebn e Kor\u00e7\u00ebs.<\/p>\n<p>Si\u00e7 raportojn\u00eb gazetar\u00ebt nga Kor\u00e7a, t\u00ebrmeti \u00ebsht\u00eb ndjer\u00eb i fuqish\u00ebm n\u00eb qytet dhe n\u00eb zonat p\u00ebrreth.<\/p>\n<p>Sipas Qendr\u00ebs Europiane t\u00eb T\u00ebrmeteve, l\u00ebkundjet kan\u00eb qen\u00eb 4.4 ball\u00eb t\u00eb shkall\u00ebs rihter.<\/p>\n<p>T\u00ebrmeti e ka epiqendr\u00ebn n\u00eb zon\u00ebn mes Kor\u00e7\u00ebs dhe Bilishtit dhe ka qen\u00eb n\u00eb thell\u00ebsin\u00eb 2 kilometra. Ende nuk dihet n\u00ebse ka d\u00ebme.<\/p>\n<p>&nbsp;<\/p>","protected":false},"excerpt":{"rendered":"<p>&nbsp; Nj\u00eb t\u00ebrmet i fort\u00eb ka r\u00ebn\u00eb pak minuta m\u00eb par\u00eb n\u00eb zon\u00ebn e Kor\u00e7\u00ebs. Si\u00e7 raportojn\u00eb gazetar\u00ebt nga Kor\u00e7a, t\u00ebrmeti \u00ebsht\u00eb ndjer\u00eb i fuqish\u00ebm n\u00eb qytet dhe n\u00eb zonat p\u00ebrreth. Sipas Qendr\u00ebs Europiane t\u00eb T\u00ebrmeteve, l\u00ebkundjet kan\u00eb qen\u00eb 4.4 ball\u00eb t\u00eb shkall\u00ebs rihter. T\u00ebrmeti e ka epiqendr\u00ebn n\u00eb zon\u00ebn mes Kor\u00e7\u00ebs dhe Bilishtit dhe [&hellip;]<\/p>\n","protected":false},"author":2013,"featured_media":41236,"comment_status":"open","ping_status":"closed","sticky":false,"template":"","format":"standard","meta":{"footnotes":""},"categories":[241,235],"tags":[],"class_list":{"0":"post-99771","1":"post","2":"type-post","3":"status-publish","4":"format-standard","5":"has-post-thumbnail","7":"category-aktualitet","8":"category-vendi"},"_links":{"self":[{"href":"https:\/\/zjarr.tv\/en\/wp-json\/wp\/v2\/posts\/99771","targetHints":{"allow":["GET"]}}],"collection":[{"href":"https:\/\/zjarr.tv\/en\/wp-json\/wp\/v2\/posts"}],"about":[{"href":"https:\/\/zjarr.tv\/en\/wp-json\/wp\/v2\/types\/post"}],"author":[{"embeddable":true,"href":"https:\/\/zjarr.tv\/en\/wp-json\/wp\/v2\/users\/2013"}],"replies":[{"embeddable":true,"href":"https:\/\/zjarr.tv\/en\/wp-json\/wp\/v2\/comments?post=99771"}],"version-history":[{"count":0,"href":"https:\/\/zjarr.tv\/en\/wp-json\/wp\/v2\/posts\/99771\/revisions"}],"wp:featuredmedia":[{"embeddable":true,"href":"https:\/\/zjarr.tv\/en\/wp-json\/wp\/v2\/media\/41236"}],"wp:attachment":[{"href":"https:\/\/zjarr.tv\/en\/wp-json\/wp\/v2\/media?parent=99771"}],"wp:term":[{"taxonomy":"category","embeddable":true,"href":"https:\/\/zjarr.tv\/en\/wp-json\/wp\/v2\/categories?post=99771"},{"taxonomy":"post_tag","embeddable":true,"href":"https:\/\/zjarr.tv\/en\/wp-json\/wp\/v2\/tags?post=99771"}],"curies":[{"name":"wp","href":"https:\/\/api.w.org\/{rel}","templated":true}]}}