{"id":99773,"date":"2019-07-31T16:37:56","date_gmt":"2019-07-31T14:37:56","guid":{"rendered":"https:\/\/zjarr.tv\/?p=99773"},"modified":"2019-07-31T16:37:56","modified_gmt":"2019-07-31T14:37:56","slug":"tokat-ne-bregdet-per-oligarket-e-tij-malltezi-sa-te-jete-nipi-i-bregut-kryeminister-asnje-prone-tek-pronaret","status":"publish","type":"post","link":"https:\/\/zjarr.tv\/en\/tokat-ne-bregdet-per-oligarket-e-tij-malltezi-sa-te-jete-nipi-i-bregut-kryeminister-asnje-prone-tek-pronaret\/","title":{"rendered":"&#8216;Tokat n\u00eb bregdet p\u00ebr oligark\u00ebt e tij&#8217;\/ Malltezi: Sa t\u00eb jet\u00eb &#8216;Nipi i Bregut&#8217; kryeminist\u00ebr, asnj\u00eb pron\u00eb tek pronar\u00ebt"},"content":{"rendered":"<p>An\u00ebtari i Kryesis\u00eb s\u00eb PD, nj\u00eb herazi edhe drejtues i Departamentit p\u00ebr Mjedisin n\u00eb k\u00ebt\u00eb parti, Jamarb\u00ebr Malltezi i kthehet edhe nj\u00eb her\u00eb nj\u00eb vendimi t\u00eb qeveris\u00eb, q\u00eb mban dat\u00ebn 21 n\u00ebntor 2018, q\u00eb lidhet me pronat n\u00eb vij\u00ebn bregdetare Vlor\u00eb-Sarand\u00eb.<\/p>\n<p>Sipas Malltezit, p\u00ebr sa koh\u00eb n\u00eb krye t\u00eb qeveris\u00eb t\u00eb jet\u00eb \u201cnipi i bregut\u201d si\u00e7 e quan ai Ram\u00ebn, referur origjin\u00ebs s\u00eb tij familjare.<\/p>\n<p>\u201cEdhe n\u00eb t\u00eb ardhmen sa t\u00eb jete n\u00eb qeveri nipi i bregut asnj\u00eb pron\u00eb nuk do i kthehet pronar\u00ebve dhe as nuk kompensohen por\u00a0i mban t\u00eb gjitha p\u00ebr qoka dhe kafe Edvini\u201d, shkruan nd\u00ebr t\u00eb tjera Jamarb\u00ebr Malltezi.<\/p>\n<p>Postimi i plot\u00eb i Jamarb\u00ebr Malltezit:<\/p>\n<p>Urimi me i mire qe mund t\u2019u besh kusherinjve: Mos pacim ne fis asnje nip qe na vjedh pronat brutalisht!<br \/>\nNje nip nga bregu po i vjedh tokat pronareve te bregut. VKM nr. 708 i 2018 i nipit te bregut don te perlaje cdo toke qe te mundet:<\/p>\n<ol>\n<li>Ka 6 vjet qe nuk ka asnje kthim prone<\/li>\n<li>Ka 6 vjet qe nuk ka asnje kompensim pervecse per ata qe i japin KAFEN edvinit<\/li>\n<li>Edhe ne te ardhmen sa te jete ne qeveri nipi i bregut asnje prone nuk do i kthehet pronareve dhe as nuk kompensohen por\u00a0i mban te gjitha per qoka dhe kafe Edvini<\/li>\n<li>Qeveria po ju vjedh pronat edhe pushtetit vendor pasi keto u ishin dhene pushtetit vendor. Eshte centralizim ekstrem: Pse duhet pushtet vendor kur gjithshka po perqendrohet ne duart e Edvinit?<\/li>\n<\/ol>\n<p>Ky nipi as nuk i shtroi e as zgjeroi rruget bregut, ato ia shtroi qeveria e Berishes. Ky nipi as uje nuk i coi fshatit te se emes, ujin Vunoit ia coi qeveria e Berishes, Rama vec i 8-fishoi cmimin e ujit nga 1600 leke m3 ne 10800 leke m3. Tani i merr edhe tokat per oligarket e vet.<\/p>\n<p>Mos pacim ne fis keshtu nipash!<\/p>\n<p>&nbsp;<\/p>","protected":false},"excerpt":{"rendered":"<p>An\u00ebtari i Kryesis\u00eb s\u00eb PD, nj\u00eb herazi edhe drejtues i Departamentit p\u00ebr Mjedisin n\u00eb k\u00ebt\u00eb parti, Jamarb\u00ebr Malltezi i kthehet edhe nj\u00eb her\u00eb nj\u00eb vendimi t\u00eb qeveris\u00eb, q\u00eb mban dat\u00ebn 21 n\u00ebntor 2018, q\u00eb lidhet me pronat n\u00eb vij\u00ebn bregdetare Vlor\u00eb-Sarand\u00eb. Sipas Malltezit, p\u00ebr sa koh\u00eb n\u00eb krye t\u00eb qeveris\u00eb t\u00eb jet\u00eb \u201cnipi i bregut\u201d [&hellip;]<\/p>\n","protected":false},"author":2013,"featured_media":76619,"comment_status":"open","ping_status":"closed","sticky":false,"template":"","format":"standard","meta":{"footnotes":""},"categories":[241,235],"tags":[],"class_list":{"0":"post-99773","1":"post","2":"type-post","3":"status-publish","4":"format-standard","5":"has-post-thumbnail","7":"category-aktualitet","8":"category-vendi"},"_links":{"self":[{"href":"https:\/\/zjarr.tv\/en\/wp-json\/wp\/v2\/posts\/99773","targetHints":{"allow":["GET"]}}],"collection":[{"href":"https:\/\/zjarr.tv\/en\/wp-json\/wp\/v2\/posts"}],"about":[{"href":"https:\/\/zjarr.tv\/en\/wp-json\/wp\/v2\/types\/post"}],"author":[{"embeddable":true,"href":"https:\/\/zjarr.tv\/en\/wp-json\/wp\/v2\/users\/2013"}],"replies":[{"embeddable":true,"href":"https:\/\/zjarr.tv\/en\/wp-json\/wp\/v2\/comments?post=99773"}],"version-history":[{"count":0,"href":"https:\/\/zjarr.tv\/en\/wp-json\/wp\/v2\/posts\/99773\/revisions"}],"wp:featuredmedia":[{"embeddable":true,"href":"https:\/\/zjarr.tv\/en\/wp-json\/wp\/v2\/media\/76619"}],"wp:attachment":[{"href":"https:\/\/zjarr.tv\/en\/wp-json\/wp\/v2\/media?parent=99773"}],"wp:term":[{"taxonomy":"category","embeddable":true,"href":"https:\/\/zjarr.tv\/en\/wp-json\/wp\/v2\/categories?post=99773"},{"taxonomy":"post_tag","embeddable":true,"href":"https:\/\/zjarr.tv\/en\/wp-json\/wp\/v2\/tags?post=99773"}],"curies":[{"name":"wp","href":"https:\/\/api.w.org\/{rel}","templated":true}]}}