{"id":99988,"date":"2019-08-01T14:35:02","date_gmt":"2019-08-01T12:35:02","guid":{"rendered":"https:\/\/zjarr.tv\/?p=99988"},"modified":"2019-08-01T14:35:02","modified_gmt":"2019-08-01T12:35:02","slug":"sot-tek-teatri-kombetar-pritet-te-jepet-nje-super-shfaqje-artisti-amerikan-performon","status":"publish","type":"post","link":"https:\/\/zjarr.tv\/en\/sot-tek-teatri-kombetar-pritet-te-jepet-nje-super-shfaqje-artisti-amerikan-performon\/","title":{"rendered":"Sot tek Teatri Komb\u00ebtar pritet t\u00eb jepet nj\u00eb super shfaqje, artisti amerikan performon\u2026"},"content":{"rendered":"<p>&nbsp;<\/p>\n<p>Sot te Teatri n\u00eb 20:30 Arben Bajraktaraj dhe Bob Berkey<br \/>\n1 Gusht n\u00eb kuadrin e Festivalit p\u00ebr Mbrojtjen e Teatrit n\u00eb sall\u00ebn e Teatrit Komb\u00ebtar n\u00eb or\u00ebn 20.30 aktori Arben Bajraktaraj do t\u00eb intepretoj\u00eb nj\u00eb tekst t\u00eb Teki Dervishit nga \u201cSht\u00ebpia e S\u00ebmur\u00eb\u201d dhe m\u00eb pas aktori amerikan Bob Berkey do t\u00eb performoj\u00eb nj\u00eb pjes\u00eb nga repertori i tij xhestikulativ!<br \/>\nMos mungoni, beteja p\u00ebr Mbrojtjen e Teatrit Komb\u00ebtar vazhdon me Art!<br \/>\nOrganizuar nga Aleanca p\u00ebr Mbrojtjen e Teatrit .<\/p>","protected":false},"excerpt":{"rendered":"<p>&nbsp; Sot te Teatri n\u00eb 20:30 Arben Bajraktaraj dhe Bob Berkey 1 Gusht n\u00eb kuadrin e Festivalit p\u00ebr Mbrojtjen e Teatrit n\u00eb sall\u00ebn e Teatrit Komb\u00ebtar n\u00eb or\u00ebn 20.30 aktori Arben Bajraktaraj do t\u00eb intepretoj\u00eb nj\u00eb tekst t\u00eb Teki Dervishit nga \u201cSht\u00ebpia e S\u00ebmur\u00eb\u201d dhe m\u00eb pas aktori amerikan Bob Berkey do t\u00eb performoj\u00eb nj\u00eb [&hellip;]<\/p>\n","protected":false},"author":2013,"featured_media":99989,"comment_status":"open","ping_status":"closed","sticky":false,"template":"","format":"standard","meta":{"footnotes":""},"categories":[241,235],"tags":[],"class_list":{"0":"post-99988","1":"post","2":"type-post","3":"status-publish","4":"format-standard","5":"has-post-thumbnail","7":"category-aktualitet","8":"category-vendi"},"_links":{"self":[{"href":"https:\/\/zjarr.tv\/en\/wp-json\/wp\/v2\/posts\/99988","targetHints":{"allow":["GET"]}}],"collection":[{"href":"https:\/\/zjarr.tv\/en\/wp-json\/wp\/v2\/posts"}],"about":[{"href":"https:\/\/zjarr.tv\/en\/wp-json\/wp\/v2\/types\/post"}],"author":[{"embeddable":true,"href":"https:\/\/zjarr.tv\/en\/wp-json\/wp\/v2\/users\/2013"}],"replies":[{"embeddable":true,"href":"https:\/\/zjarr.tv\/en\/wp-json\/wp\/v2\/comments?post=99988"}],"version-history":[{"count":0,"href":"https:\/\/zjarr.tv\/en\/wp-json\/wp\/v2\/posts\/99988\/revisions"}],"wp:featuredmedia":[{"embeddable":true,"href":"https:\/\/zjarr.tv\/en\/wp-json\/wp\/v2\/media\/99989"}],"wp:attachment":[{"href":"https:\/\/zjarr.tv\/en\/wp-json\/wp\/v2\/media?parent=99988"}],"wp:term":[{"taxonomy":"category","embeddable":true,"href":"https:\/\/zjarr.tv\/en\/wp-json\/wp\/v2\/categories?post=99988"},{"taxonomy":"post_tag","embeddable":true,"href":"https:\/\/zjarr.tv\/en\/wp-json\/wp\/v2\/tags?post=99988"}],"curies":[{"name":"wp","href":"https:\/\/api.w.org\/{rel}","templated":true}]}}