{"id":100000,"date":"2019-08-01T16:06:22","date_gmt":"2019-08-01T14:06:22","guid":{"rendered":"https:\/\/zjarr.tv\/?p=100000"},"modified":"2019-08-01T16:06:22","modified_gmt":"2019-08-01T14:06:22","slug":"televizioni-publik-italian-dokumentar-per-shqiperine-kopshti-i-kanabisit-ne-europen-juglindore","status":"publish","type":"post","link":"https:\/\/zjarr.tv\/sq\/televizioni-publik-italian-dokumentar-per-shqiperine-kopshti-i-kanabisit-ne-europen-juglindore\/","title":{"rendered":"Televizioni publik italian dokumentar p\u00ebr Shqip\u00ebrin\u00eb: Kopshti i Kanabisit n\u00eb Europ\u00ebn Juglindore"},"content":{"rendered":"<h1><\/h1>\n<p>Pas gazet\u00ebs spanjolle \u201cPuosta\u201d, e cila n\u00eb nj\u00eb artikull t\u00eb publikuar dje e quante Shqip\u00ebrin\u00eb \u201cnarkoshtetin unik dhe t\u00eb vet\u00ebm n\u00eb Europ\u00eb\u201d,\u00a0<a href=\"https:\/\/www.syri.net\/politike\/271184\/gazeta-spanjolle-si-u-shnderrua-shqiperia-ne-narkoshtetin-e-pare-dhe-unik-ne-europe\/\">https:\/\/www.syri.net\/politike\/271184\/gazeta-spanjolle-si-u-shnderrua-shqiperia-ne-narkoshtetin-e-pare-dhe-unik-ne-europe\/<\/a><\/p>\n<p>sot nj\u00eb tjet\u00ebr media nd\u00ebrkomb\u00ebtare dhe m\u00eb prestigjoze, RAI 3, i dedikon nj\u00eb dokumentar t\u00eb plot\u00eb drog\u00ebs dhe mbret\u00ebrimit t\u00eb saj n\u00eb Shqip\u00ebri vitet e fundit.<\/p>\n<p>Televizioni publik italian po shfaq dokumentarin \u201cNARCOTICA\u201d, i cili ka t\u00eb b\u00ebj\u00eb me trafikun e drog\u00ebs n\u00eb Europ\u00eb!<\/p>\n<p>\u201cFakte trondit\u00ebse, mbjellje masive, bashk\u00ebpunim i trafikant\u00ebve me Policin\u00eb, shkrirje totale e bandave me band\u00ebn politike n\u00eb pushtet.<\/p>\n<p>Kanabis, drog\u00eb e krim q\u00eb prodhojn\u00eb vota e Vota q\u00eb prodhojn\u00eb kanabis, drog\u00eb e krim.<\/p>\n<p>Kjo \u00ebsht\u00eb formula \u201cmagjike\u201d e pushtetit t\u00eb Ram\u00ebs2, shkruan\u00a0 n\u00eb nj\u00eb reagim t\u00eb tij ish deputeti demokrat Lu\u00e7iano Bo\u00e7i.<\/p>\n<p>T\u00eb m\u00ebrkur\u00ebn e ardhshme RAI 3 do t\u00eb flas\u00eb p\u00ebr Kopshtin e Kanabisit n\u00eb Europ\u00ebn Juglindore, Shqip\u00ebrin\u00eb!<\/p>\n<p>&nbsp;<\/p>\n","protected":false},"excerpt":{"rendered":"<p>Pas gazet\u00ebs spanjolle \u201cPuosta\u201d, e cila n\u00eb nj\u00eb artikull t\u00eb publikuar dje e quante Shqip\u00ebrin\u00eb \u201cnarkoshtetin unik dhe t\u00eb vet\u00ebm n\u00eb Europ\u00eb\u201d,\u00a0https:\/\/www.syri.net\/politike\/271184\/gazeta-spanjolle-si-u-shnderrua-shqiperia-ne-narkoshtetin-e-pare-dhe-unik-ne-europe\/ sot nj\u00eb tjet\u00ebr media nd\u00ebrkomb\u00ebtare dhe m\u00eb prestigjoze, RAI 3, i dedikon nj\u00eb dokumentar t\u00eb plot\u00eb drog\u00ebs dhe mbret\u00ebrimit t\u00eb saj n\u00eb Shqip\u00ebri vitet e fundit. Televizioni publik italian po shfaq dokumentarin \u201cNARCOTICA\u201d, [&hellip;]<\/p>\n","protected":false},"author":2013,"featured_media":38161,"comment_status":"open","ping_status":"closed","sticky":false,"template":"","format":"standard","meta":{"footnotes":""},"categories":[241,235],"tags":[],"class_list":{"0":"post-100000","1":"post","2":"type-post","3":"status-publish","4":"format-standard","5":"has-post-thumbnail","7":"category-aktualitet","8":"category-vendi"},"_links":{"self":[{"href":"https:\/\/zjarr.tv\/sq\/wp-json\/wp\/v2\/posts\/100000","targetHints":{"allow":["GET"]}}],"collection":[{"href":"https:\/\/zjarr.tv\/sq\/wp-json\/wp\/v2\/posts"}],"about":[{"href":"https:\/\/zjarr.tv\/sq\/wp-json\/wp\/v2\/types\/post"}],"author":[{"embeddable":true,"href":"https:\/\/zjarr.tv\/sq\/wp-json\/wp\/v2\/users\/2013"}],"replies":[{"embeddable":true,"href":"https:\/\/zjarr.tv\/sq\/wp-json\/wp\/v2\/comments?post=100000"}],"version-history":[{"count":0,"href":"https:\/\/zjarr.tv\/sq\/wp-json\/wp\/v2\/posts\/100000\/revisions"}],"wp:featuredmedia":[{"embeddable":true,"href":"https:\/\/zjarr.tv\/sq\/wp-json\/wp\/v2\/media\/38161"}],"wp:attachment":[{"href":"https:\/\/zjarr.tv\/sq\/wp-json\/wp\/v2\/media?parent=100000"}],"wp:term":[{"taxonomy":"category","embeddable":true,"href":"https:\/\/zjarr.tv\/sq\/wp-json\/wp\/v2\/categories?post=100000"},{"taxonomy":"post_tag","embeddable":true,"href":"https:\/\/zjarr.tv\/sq\/wp-json\/wp\/v2\/tags?post=100000"}],"curies":[{"name":"wp","href":"https:\/\/api.w.org\/{rel}","templated":true}]}}