{"id":100007,"date":"2019-08-01T16:20:45","date_gmt":"2019-08-01T14:20:45","guid":{"rendered":"https:\/\/zjarr.tv\/?p=100007"},"modified":"2019-08-01T16:20:45","modified_gmt":"2019-08-01T14:20:45","slug":"me-himnin-shqiptar-dhe-grek-betohet-kryebashkiaku-i-ri-i-dropullit","status":"publish","type":"post","link":"https:\/\/zjarr.tv\/sq\/me-himnin-shqiptar-dhe-grek-betohet-kryebashkiaku-i-ri-i-dropullit\/","title":{"rendered":"Me himnin shqiptar dhe grek, betohet kryebashkiaku i ri i Dropullit"},"content":{"rendered":"<p>&nbsp;<\/p>\n<p>P\u00ebrfundon n\u00eb qarkun Gjirokast\u00ebr konstituimi i K\u00ebshillave Bashkiak\u00eb t\u00eb dal\u00eb nga zgjedhjet e 30 qershorit.<\/p>\n<p>N\u00eb mesdit\u00eb u konstituua K\u00ebshilli Bashkiak i Dropullit, nj\u00ebsia vendore m\u00eb e madhe e minoritetit etnik grek n\u00eb Shqip\u00ebri. Kryetari Dhimitraq Toli dhe an\u00ebtar\u00ebt e rinj t\u00eb K\u00ebshillit Bashkiak b\u00ebn\u00eb betimin.<\/p>\n<p>Gjat\u00eb ceremonis\u00eb u luajt himni grek dhe shqiptar, si dhe ishin flamujt e t\u00eb dy vendeve. Po k\u00ebshtu, kryebashkiaku Toli mbajti fjal\u00eb n\u00eb t\u00eb dy gjuh\u00ebt.<\/p>\n<p>T\u00eb pranish\u00ebm gjat\u00eb konstituimit ishin deputet\u00ebt Bledi \u00c7u\u00e7i, Mirela Kumbaro dhe Artemis Malo, si dhe zv.ministrja e Brendshme Rovena Voda e prefekti Astrit Aliaj.<\/p>\n<p>Dropulli drejtohej kat\u00ebr vitet e fundit nga nj\u00eb kryebashkiak i PD-s\u00eb, i cili nuk ishte i pranish\u00ebm teksa hyri n\u00eb zyr\u00eb kryetari i ri.<\/p>\n<p>&nbsp;<\/p>\n","protected":false},"excerpt":{"rendered":"<p>&nbsp; P\u00ebrfundon n\u00eb qarkun Gjirokast\u00ebr konstituimi i K\u00ebshillave Bashkiak\u00eb t\u00eb dal\u00eb nga zgjedhjet e 30 qershorit. N\u00eb mesdit\u00eb u konstituua K\u00ebshilli Bashkiak i Dropullit, nj\u00ebsia vendore m\u00eb e madhe e minoritetit etnik grek n\u00eb Shqip\u00ebri. Kryetari Dhimitraq Toli dhe an\u00ebtar\u00ebt e rinj t\u00eb K\u00ebshillit Bashkiak b\u00ebn\u00eb betimin. Gjat\u00eb ceremonis\u00eb u luajt himni grek dhe shqiptar, [&hellip;]<\/p>\n","protected":false},"author":2013,"featured_media":100008,"comment_status":"open","ping_status":"closed","sticky":false,"template":"","format":"standard","meta":{"footnotes":""},"categories":[241,235],"tags":[],"class_list":{"0":"post-100007","1":"post","2":"type-post","3":"status-publish","4":"format-standard","5":"has-post-thumbnail","7":"category-aktualitet","8":"category-vendi"},"_links":{"self":[{"href":"https:\/\/zjarr.tv\/sq\/wp-json\/wp\/v2\/posts\/100007","targetHints":{"allow":["GET"]}}],"collection":[{"href":"https:\/\/zjarr.tv\/sq\/wp-json\/wp\/v2\/posts"}],"about":[{"href":"https:\/\/zjarr.tv\/sq\/wp-json\/wp\/v2\/types\/post"}],"author":[{"embeddable":true,"href":"https:\/\/zjarr.tv\/sq\/wp-json\/wp\/v2\/users\/2013"}],"replies":[{"embeddable":true,"href":"https:\/\/zjarr.tv\/sq\/wp-json\/wp\/v2\/comments?post=100007"}],"version-history":[{"count":0,"href":"https:\/\/zjarr.tv\/sq\/wp-json\/wp\/v2\/posts\/100007\/revisions"}],"wp:featuredmedia":[{"embeddable":true,"href":"https:\/\/zjarr.tv\/sq\/wp-json\/wp\/v2\/media\/100008"}],"wp:attachment":[{"href":"https:\/\/zjarr.tv\/sq\/wp-json\/wp\/v2\/media?parent=100007"}],"wp:term":[{"taxonomy":"category","embeddable":true,"href":"https:\/\/zjarr.tv\/sq\/wp-json\/wp\/v2\/categories?post=100007"},{"taxonomy":"post_tag","embeddable":true,"href":"https:\/\/zjarr.tv\/sq\/wp-json\/wp\/v2\/tags?post=100007"}],"curies":[{"name":"wp","href":"https:\/\/api.w.org\/{rel}","templated":true}]}}