{"id":100010,"date":"2019-08-01T16:23:09","date_gmt":"2019-08-01T14:23:09","guid":{"rendered":"https:\/\/zjarr.tv\/?p=100010"},"modified":"2019-08-01T16:23:09","modified_gmt":"2019-08-01T14:23:09","slug":"qeveria-merr-vendim-piro-misha-ne-krye-te-bibliotekes-kombetare","status":"publish","type":"post","link":"https:\/\/zjarr.tv\/sq\/qeveria-merr-vendim-piro-misha-ne-krye-te-bibliotekes-kombetare\/","title":{"rendered":"Qeveria merr vendim, Piro Misha n\u00eb krye t\u00eb Bibliotek\u00ebs Komb\u00ebtare"},"content":{"rendered":"<p>&nbsp;<\/p>\n<p>Pas miratimit t\u00eb fondit paraprak p\u00ebr SPAK p\u00ebr muajt e mbetur t\u00eb 2019, qeveria ka ecur m\u00eb tej duke gjetur edhe pasuesin e ish-drejtoresh\u00ebs s\u00eb Bibliotek\u00ebs Komb\u00ebtare, Persida Asllani, e cila u lirua nga detyra pak koh\u00eb m\u00eb par\u00eb nga K\u00ebshilli i Ministrave. N\u00eb krye t\u00eb k\u00ebtij institucioni \u00ebsht\u00eb\u00a0 zgjedhur Piro Misha. Paraardh\u00ebsja e tij, Persida Asllani drejtoi Bibliotek\u00ebn Komb\u00ebtare p\u00ebr pes\u00eb vite, nd\u00ebrsa ajo pohoi se largimi i saj ka qen\u00eb p\u00ebr arsye personale.<\/p>\n<p>Vendimi i qeveris\u00eb:<\/p>\n<p>V E N D I M P\u00cbR EM\u00cbRIMIN N\u00cb DETYR\u00cb T\u00cb DREJTORIT T\u00cb BIBLIOTEK\u00cbS KOMB\u00cbTARE<\/p>\n<p>N\u00eb mb\u00ebshtetje t\u00eb nenit 100 t\u00eb Kushtetut\u00ebs dhe t\u00eb nenit 27, t\u00eb ligjit nr.8576, dat\u00eb 3.2.2000, \u201cP\u00ebr bibliotekat n\u00eb Republik\u00ebn e Shqip\u00ebris\u00eb\u201d, t\u00eb ndryshuar, me propozimin e ministrit t\u00eb Kultur\u00ebs, K\u00ebshilli i Ministrave<\/p>\n<p>V E N D O S I:<\/p>\n<p>Piro Misha em\u00ebrohet drejtor i Bibliotek\u00ebs Komb\u00ebtare.<\/p>\n<p>Ky vendim hyn n\u00eb fuqi menj\u00ebher\u00eb dhe botohet n\u00eb \u201cFletoren zyrtare\u201d.<\/p>\n<p>K R Y E M I N I S T R I<\/p>\n<p>EDI RAMA<\/p>\n<p>&nbsp;<\/p>\n","protected":false},"excerpt":{"rendered":"<p>&nbsp; Pas miratimit t\u00eb fondit paraprak p\u00ebr SPAK p\u00ebr muajt e mbetur t\u00eb 2019, qeveria ka ecur m\u00eb tej duke gjetur edhe pasuesin e ish-drejtoresh\u00ebs s\u00eb Bibliotek\u00ebs Komb\u00ebtare, Persida Asllani, e cila u lirua nga detyra pak koh\u00eb m\u00eb par\u00eb nga K\u00ebshilli i Ministrave. N\u00eb krye t\u00eb k\u00ebtij institucioni \u00ebsht\u00eb\u00a0 zgjedhur Piro Misha. Paraardh\u00ebsja e [&hellip;]<\/p>\n","protected":false},"author":2013,"featured_media":100011,"comment_status":"open","ping_status":"closed","sticky":false,"template":"","format":"standard","meta":{"footnotes":""},"categories":[241,235],"tags":[],"class_list":{"0":"post-100010","1":"post","2":"type-post","3":"status-publish","4":"format-standard","5":"has-post-thumbnail","7":"category-aktualitet","8":"category-vendi"},"_links":{"self":[{"href":"https:\/\/zjarr.tv\/sq\/wp-json\/wp\/v2\/posts\/100010","targetHints":{"allow":["GET"]}}],"collection":[{"href":"https:\/\/zjarr.tv\/sq\/wp-json\/wp\/v2\/posts"}],"about":[{"href":"https:\/\/zjarr.tv\/sq\/wp-json\/wp\/v2\/types\/post"}],"author":[{"embeddable":true,"href":"https:\/\/zjarr.tv\/sq\/wp-json\/wp\/v2\/users\/2013"}],"replies":[{"embeddable":true,"href":"https:\/\/zjarr.tv\/sq\/wp-json\/wp\/v2\/comments?post=100010"}],"version-history":[{"count":0,"href":"https:\/\/zjarr.tv\/sq\/wp-json\/wp\/v2\/posts\/100010\/revisions"}],"wp:featuredmedia":[{"embeddable":true,"href":"https:\/\/zjarr.tv\/sq\/wp-json\/wp\/v2\/media\/100011"}],"wp:attachment":[{"href":"https:\/\/zjarr.tv\/sq\/wp-json\/wp\/v2\/media?parent=100010"}],"wp:term":[{"taxonomy":"category","embeddable":true,"href":"https:\/\/zjarr.tv\/sq\/wp-json\/wp\/v2\/categories?post=100010"},{"taxonomy":"post_tag","embeddable":true,"href":"https:\/\/zjarr.tv\/sq\/wp-json\/wp\/v2\/tags?post=100010"}],"curies":[{"name":"wp","href":"https:\/\/api.w.org\/{rel}","templated":true}]}}