{"id":100013,"date":"2019-08-01T16:24:12","date_gmt":"2019-08-01T14:24:12","guid":{"rendered":"https:\/\/zjarr.tv\/?p=100013"},"modified":"2019-08-01T16:24:12","modified_gmt":"2019-08-01T14:24:12","slug":"nuk-iu-pranua-azili-ja-kush-eshte-studenti-shqiptar-qe-fitoi-lejen-e-qendrimit-ne-angli-me-peticion","status":"publish","type":"post","link":"https:\/\/zjarr.tv\/sq\/nuk-iu-pranua-azili-ja-kush-eshte-studenti-shqiptar-qe-fitoi-lejen-e-qendrimit-ne-angli-me-peticion\/","title":{"rendered":"Nuk iu pranua azili, ja kush \u00ebsht\u00eb studenti shqiptar q\u00eb fitoi lejen e q\u00ebndrimit n\u00eb Angli me peticion"},"content":{"rendered":"<h3><\/h3>\n<p>Studenti shqiptar Stiven Bregu ka fituar t\u00eb drejt\u00ebn p\u00ebr t\u00eb q\u00ebndruar n\u00eb Angli, pas nj\u00eb peticioni p\u00ebr t\u00eb parandaluar d\u00ebbimin e tij, nga ku mori m\u00eb shum\u00eb se 90,000 firma.<\/p>\n<p>Stiven Bregu shkoi n\u00eb Angli kur ishte vet\u00ebm 13 vje\u00e7 p\u00ebr t&#8217;i shp\u00ebtuar nj\u00eb jete t\u00eb dhunshme n\u00eb sht\u00ebpin\u00eb e tij.<\/p>\n<p>N\u00eb pamund\u00ebsi p\u00ebr t\u00eb folur anglisht, ai u vendos n\u00eb kujdestari t\u00eb nj\u00eb familjeje britanike dhe q\u00eb prej asaj kohe ka arritur rezultate t\u00eb shk\u00eblqyera n\u00eb shkoll\u00eb.<\/p>\n<p>Por pasi k\u00ebrkesa e tij p\u00ebr azil u refuzua ai b\u00ebri nj\u00eb apel p\u00ebr emigracionin.<\/p>\n<p>Stiven n\u00eb shkoll\u00ebn \u201cMary Redcliffe\u201d dhe \u201cTemple\u201d, \u201cRob Sha\u00eb\u201d, i tha Bristol Post:\u00a0<em>&#8220;Stiven tani ka marr\u00eb rezultatin e peticionit t\u00eb tij dhe un\u00eb jam i k\u00ebnaqur t&#8217;ju them se ai ka qen\u00eb i suksessh\u00ebm dhe ka t\u00eb drejt\u00eb t\u00eb q\u00ebndroj\u00eb n\u00eb Britani. Zyra e Brendshme tani ka dy jav\u00eb p\u00ebr t\u00eb apeluar vendimin.\u201d<\/em><\/p>\n<p>I riu koh\u00ebt e fundit garoi n\u00eb Biologji, Kimi dhe Matematik\u00eb dhe ka siguruar nj\u00eb ofert\u00eb nga nj\u00eb firm\u00eb e administrimit t\u00eb pasuris\u00eb p\u00ebr shkak t\u00eb &#8220;talentit t\u00eb tij p\u00ebr matematik\u00eb&#8221;.<\/p>\n<p><strong>&#8216;Pasuri e madhe&#8217;<\/strong><\/p>\n<p>M\u00ebsuesja Elisabeth Gilpin e p\u00ebrshkroi at\u00eb si:\u00a0<em>\u201cnj\u00eb<\/em>\u00a0<em>student t\u00eb shquar dhe nj\u00eb pasuri t\u00eb madhe p\u00ebr komunitetin ton\u00eb shkollor&#8221;.<\/em><\/p>\n<p>Kryetari i bashkis\u00eb s\u00eb Bristolit, Marvin Rees e p\u00ebrshkroi vendimin e seanc\u00ebs ankimore si\u00a0<em>&#8220;lajm t\u00eb shk\u00eblqyesh\u00ebm&#8221;.<\/em><\/p>\n<p><strong>Rees:<\/strong>\u00a0<em>Stiven \u00ebsht\u00eb nj\u00eb i ri i vendosur, i sjellsh\u00ebm dhe i zgjuar dhe Bristol \u00ebsht\u00eb me fat q\u00eb e ka at\u00eb. Shpresoj vet\u00ebm q\u00eb ky rast t\u00eb \u00e7oj\u00eb n\u00eb nj\u00eb reform\u00eb m\u00eb t\u00eb gjer\u00eb t\u00eb sistemit ton\u00eb t\u00eb azilit, n\u00eb m\u00ebnyr\u00eb q\u00eb askush tjet\u00ebr nuk duhet t\u00eb p\u00ebrjetoj\u00eb traum\u00ebn e asaj q\u00eb ka kaluar Stiven.\u201d<\/em><\/p>\n<p>Zyra e Brendshme tha:\u00a0<em>&#8220;Ne kemi marr\u00eb gjykimin dhe po e shqyrtojm\u00eb me kujdes p\u00ebrpara se t\u00eb vazhdojm\u00eb.&#8221;<\/em><\/p>\n<p>&nbsp;<\/p>\n","protected":false},"excerpt":{"rendered":"<p>Studenti shqiptar Stiven Bregu ka fituar t\u00eb drejt\u00ebn p\u00ebr t\u00eb q\u00ebndruar n\u00eb Angli, pas nj\u00eb peticioni p\u00ebr t\u00eb parandaluar d\u00ebbimin e tij, nga ku mori m\u00eb shum\u00eb se 90,000 firma. Stiven Bregu shkoi n\u00eb Angli kur ishte vet\u00ebm 13 vje\u00e7 p\u00ebr t&#8217;i shp\u00ebtuar nj\u00eb jete t\u00eb dhunshme n\u00eb sht\u00ebpin\u00eb e tij. N\u00eb pamund\u00ebsi p\u00ebr t\u00eb [&hellip;]<\/p>\n","protected":false},"author":2013,"featured_media":100014,"comment_status":"open","ping_status":"closed","sticky":false,"template":"","format":"standard","meta":{"footnotes":""},"categories":[241,235],"tags":[],"class_list":{"0":"post-100013","1":"post","2":"type-post","3":"status-publish","4":"format-standard","5":"has-post-thumbnail","7":"category-aktualitet","8":"category-vendi"},"_links":{"self":[{"href":"https:\/\/zjarr.tv\/sq\/wp-json\/wp\/v2\/posts\/100013","targetHints":{"allow":["GET"]}}],"collection":[{"href":"https:\/\/zjarr.tv\/sq\/wp-json\/wp\/v2\/posts"}],"about":[{"href":"https:\/\/zjarr.tv\/sq\/wp-json\/wp\/v2\/types\/post"}],"author":[{"embeddable":true,"href":"https:\/\/zjarr.tv\/sq\/wp-json\/wp\/v2\/users\/2013"}],"replies":[{"embeddable":true,"href":"https:\/\/zjarr.tv\/sq\/wp-json\/wp\/v2\/comments?post=100013"}],"version-history":[{"count":0,"href":"https:\/\/zjarr.tv\/sq\/wp-json\/wp\/v2\/posts\/100013\/revisions"}],"wp:featuredmedia":[{"embeddable":true,"href":"https:\/\/zjarr.tv\/sq\/wp-json\/wp\/v2\/media\/100014"}],"wp:attachment":[{"href":"https:\/\/zjarr.tv\/sq\/wp-json\/wp\/v2\/media?parent=100013"}],"wp:term":[{"taxonomy":"category","embeddable":true,"href":"https:\/\/zjarr.tv\/sq\/wp-json\/wp\/v2\/categories?post=100013"},{"taxonomy":"post_tag","embeddable":true,"href":"https:\/\/zjarr.tv\/sq\/wp-json\/wp\/v2\/tags?post=100013"}],"curies":[{"name":"wp","href":"https:\/\/api.w.org\/{rel}","templated":true}]}}