{"id":100060,"date":"2019-08-01T17:20:22","date_gmt":"2019-08-01T15:20:22","guid":{"rendered":"https:\/\/zjarr.tv\/?p=100060"},"modified":"2019-08-01T17:20:22","modified_gmt":"2019-08-01T15:20:22","slug":"30-shtatori-afati-i-fundit-per-dorezim-te-bilanceve-5-mije-biznese-rrezikojne-gjobe","status":"publish","type":"post","link":"https:\/\/zjarr.tv\/sq\/30-shtatori-afati-i-fundit-per-dorezim-te-bilanceve-5-mije-biznese-rrezikojne-gjobe\/","title":{"rendered":"30 shtatori afati i fundit p\u00ebr dor\u00ebzim t\u00eb bilanceve, 5 mij\u00eb biznese rrezikojn\u00eb gjob\u00eb"},"content":{"rendered":"<p>&nbsp;<\/p>\n<p>Nuk do t\u00eb gjobiten, subjektet q\u00eb kan\u00eb aplikuar n\u00eb e-Albania dhe q\u00ebnuk kan\u00eb mundur t\u00eb dor\u00ebzojn\u00eb bilancet e tyre brenda afatit. Qendra Komb\u00ebtare e Biznesit ka sqaruar se gjob\u00eb deri n\u00eb 15 mij\u00eb lek\u00eb rrezikojn\u00eb ato biznese q\u00eb nuk kan\u00eb nisur procedur\u00ebn dhe nuk kan\u00eb as num\u00ebr aplikimi. Sipas t\u00eb dh\u00ebnave, deri n\u00eb mesnat\u00ebn e 31 korrikut rezulton se kan\u00eb dor\u00ebzuar bilancet rreth 70 % e bizneseve.<\/p>\n<p>Rreth 5 mij\u00eb subjekte rrezikojn\u00eb t\u00eb gjobiten nga administrata tatimore pasi nuk kan\u00eb nisur procedur\u00ebn e dor\u00ebzimit t\u00eb bilanceve para dat\u00ebs 31 korrik.<\/p>\n<p>P\u00ebr shkak t\u00eb\u00a0 aplikimit p\u00ebr her\u00eb t\u00eb par\u00eb t\u00eb ngarkimit t\u00eb pasqyrave financiare n\u00eb e-Albania, nj\u00eb num\u00ebr i madh i subjekteve kan\u00eb hasur probleme, ndaj dhe afati u shty p\u00ebr nj\u00eb muaj.<\/p>\n<p>Flogers Broqi, drejtori juridik pran\u00eb Qendr\u00ebs Komb\u00ebtare t\u00eb Biznesit, sqaroi se subjektet t\u00eb cilat kan\u00eb aplikuar online n\u00ebp\u00ebrmjet portalit e-Albania deri n\u00eb dat\u00eb 31.07.2019 ora 00:00 dhe jan\u00eb pajisur me nj\u00eb num\u00ebr aplikimi CN, por p\u00ebr shkak t\u00eb mbingarkes\u00ebs s\u00eb madhe t\u00eb aplikimeve n\u00eb t\u00eb nj\u00ebjt\u00ebn koh\u00eb \u00ebsht\u00eb b\u00ebr\u00eb e pamundur plot\u00ebsimi dhe d\u00ebrgimi n\u00eb m\u00ebnyr\u00ebn e duhur t\u00eb pasqyrave financiare nuk do t\u00eb aplikohet kundravajtje administrative.<\/p>\n<p>Ai vazhdoi sqarimin ku n\u00eb total jan\u00eb 19 250 aplikime n\u00eb k\u00ebt\u00eb sistem deri n\u00eb or\u00ebn 00:00 t\u00eb dat\u00ebs 31 korrik 2019 nga t\u00eb cilat 7139 aplikime p\u00ebr dor\u00ebzimin e pasqyrave financiare jan\u00eb t\u00eb miratuara, t\u00eb refuzuara jan\u00eb 1405. Pritshm\u00ebria p\u00ebr subjektet\u00a0 q\u00eb kan\u00eb detyrim p\u00ebr dor\u00ebzimin e pasqyrave financiare p\u00ebr vitin 2019 jan\u00eb 24218 subjekte.<\/p>\n<p>P\u00ebr ato biznese q\u00eb nuk kan\u00eb marr\u00eb as numrin e aplikimit, gjoba do t\u00eb shkoj\u00eb n\u00eb 15 mij\u00eb lek\u00eb.<\/p>\n<p>&nbsp;<\/p>\n","protected":false},"excerpt":{"rendered":"<p>&nbsp; Nuk do t\u00eb gjobiten, subjektet q\u00eb kan\u00eb aplikuar n\u00eb e-Albania dhe q\u00ebnuk kan\u00eb mundur t\u00eb dor\u00ebzojn\u00eb bilancet e tyre brenda afatit. Qendra Komb\u00ebtare e Biznesit ka sqaruar se gjob\u00eb deri n\u00eb 15 mij\u00eb lek\u00eb rrezikojn\u00eb ato biznese q\u00eb nuk kan\u00eb nisur procedur\u00ebn dhe nuk kan\u00eb as num\u00ebr aplikimi. Sipas t\u00eb dh\u00ebnave, deri n\u00eb mesnat\u00ebn [&hellip;]<\/p>\n","protected":false},"author":2013,"featured_media":100061,"comment_status":"open","ping_status":"closed","sticky":false,"template":"","format":"standard","meta":{"footnotes":""},"categories":[241,235],"tags":[],"class_list":{"0":"post-100060","1":"post","2":"type-post","3":"status-publish","4":"format-standard","5":"has-post-thumbnail","7":"category-aktualitet","8":"category-vendi"},"_links":{"self":[{"href":"https:\/\/zjarr.tv\/sq\/wp-json\/wp\/v2\/posts\/100060","targetHints":{"allow":["GET"]}}],"collection":[{"href":"https:\/\/zjarr.tv\/sq\/wp-json\/wp\/v2\/posts"}],"about":[{"href":"https:\/\/zjarr.tv\/sq\/wp-json\/wp\/v2\/types\/post"}],"author":[{"embeddable":true,"href":"https:\/\/zjarr.tv\/sq\/wp-json\/wp\/v2\/users\/2013"}],"replies":[{"embeddable":true,"href":"https:\/\/zjarr.tv\/sq\/wp-json\/wp\/v2\/comments?post=100060"}],"version-history":[{"count":0,"href":"https:\/\/zjarr.tv\/sq\/wp-json\/wp\/v2\/posts\/100060\/revisions"}],"wp:featuredmedia":[{"embeddable":true,"href":"https:\/\/zjarr.tv\/sq\/wp-json\/wp\/v2\/media\/100061"}],"wp:attachment":[{"href":"https:\/\/zjarr.tv\/sq\/wp-json\/wp\/v2\/media?parent=100060"}],"wp:term":[{"taxonomy":"category","embeddable":true,"href":"https:\/\/zjarr.tv\/sq\/wp-json\/wp\/v2\/categories?post=100060"},{"taxonomy":"post_tag","embeddable":true,"href":"https:\/\/zjarr.tv\/sq\/wp-json\/wp\/v2\/tags?post=100060"}],"curies":[{"name":"wp","href":"https:\/\/api.w.org\/{rel}","templated":true}]}}