{"id":100066,"date":"2019-08-01T17:23:18","date_gmt":"2019-08-01T15:23:18","guid":{"rendered":"https:\/\/zjarr.tv\/?p=100066"},"modified":"2019-08-01T17:23:18","modified_gmt":"2019-08-01T15:23:18","slug":"u-vidhte-me-force-vareset-e-floririt-te-moshuarave-arrestohet-35-vjecari-ne-korce","status":"publish","type":"post","link":"https:\/\/zjarr.tv\/sq\/u-vidhte-me-force-vareset-e-floririt-te-moshuarave-arrestohet-35-vjecari-ne-korce\/","title":{"rendered":"U vidhte me forc\u00eb var\u00ebset e floririt t\u00eb moshuarave, arrestohet 35-vje\u00e7ari n\u00eb Kor\u00e7\u00eb"},"content":{"rendered":"<p>&nbsp;<\/p>\n<p>Specialist\u00ebt e Hetimit p\u00ebr Krimet n\u00eb Komisariatin e Policis\u00eb Kor\u00e7\u00eb, n\u00eb vijim t\u00eb pun\u00ebs p\u00ebr zbulimin dhe dokumentimin e disa vjedhjeve, t\u00eb var\u00ebseve t\u00eb floririt, ngjarje t\u00eb ndodhura n\u00eb lagjet nr.3 dhe nr.12, n\u00eb Kor\u00e7\u00eb, b\u00ebn\u00eb arrestimin n\u00eb flagranc\u00eb t\u00eb shtetasit E.R, 35 vje\u00e7, banues n\u00eb Kor\u00e7\u00eb (i d\u00ebnuar m\u00eb par\u00eb p\u00ebr vepr\u00ebn penale \u201cVjedhja\u201d).<\/p>\n<p>Arrestimi i tij u b\u00eb pas marrjes s\u00eb kall\u00ebzimeve t\u00eb shtetaseve A.M. dhe L.H., banuese n\u00eb Kor\u00e7\u00eb, t\u00eb cilat kan\u00eb deklaruar se n\u00eb dat\u00ebn 31.07.2019, n\u00eb lagjen nr.12 nj\u00eb person i paidentifikuar, u ka vjedhur nga qafa var\u00ebset e tyre t\u00eb floririt.<\/p>\n<p>Fal\u00eb reagimit n\u00eb koh\u00eb, si edhe veprimeve t\u00eb mir\u00ebkoordinuara u b\u00eb e mundur kapja n\u00eb flagranc\u00eb e shtetasit E.R. dhe gjat\u00eb kontrollit fizik Policia i gjeti dhe sekuestroi n\u00eb cil\u00ebsin\u00eb e prov\u00ebs materiale nj\u00eb var\u00ebse floriri.<\/p>\n<p>Gjithashtu nga veprimet e m\u00ebtejshme hetimore e procedurale t\u00eb kryera dyshohet se shtetasi E.R., mund t\u00eb jet\u00eb autor edhe i dy ngjarjeve t\u00eb tjera t\u00eb ndodhura si m\u00eb posht\u00eb:<\/p>\n<p>N\u00eb dat\u00ebn 26.07.2019 dhe n\u00eb dat\u00ebn 17.07.2019, n\u00eb lagjen nr.3, ku u kan\u00eb vjedhur nga qafa shtetaseve R.T dhe M.P. var\u00ebset e tyre t\u00eb floririt.<\/p>\n<p>Materialet i kaluan Prokuroris\u00eb pran\u00eb Gjykat\u00ebs s\u00eb Shkall\u00ebs s\u00eb Par\u00eb Kor\u00e7\u00eb p\u00ebr vepr\u00ebn penale \u201cVjedhja\u201d.<\/p>\n<p>&nbsp;<\/p>\n","protected":false},"excerpt":{"rendered":"<p>&nbsp; Specialist\u00ebt e Hetimit p\u00ebr Krimet n\u00eb Komisariatin e Policis\u00eb Kor\u00e7\u00eb, n\u00eb vijim t\u00eb pun\u00ebs p\u00ebr zbulimin dhe dokumentimin e disa vjedhjeve, t\u00eb var\u00ebseve t\u00eb floririt, ngjarje t\u00eb ndodhura n\u00eb lagjet nr.3 dhe nr.12, n\u00eb Kor\u00e7\u00eb, b\u00ebn\u00eb arrestimin n\u00eb flagranc\u00eb t\u00eb shtetasit E.R, 35 vje\u00e7, banues n\u00eb Kor\u00e7\u00eb (i d\u00ebnuar m\u00eb par\u00eb p\u00ebr vepr\u00ebn penale [&hellip;]<\/p>\n","protected":false},"author":2013,"featured_media":100067,"comment_status":"open","ping_status":"closed","sticky":false,"template":"","format":"standard","meta":{"footnotes":""},"categories":[241,235],"tags":[],"class_list":{"0":"post-100066","1":"post","2":"type-post","3":"status-publish","4":"format-standard","5":"has-post-thumbnail","7":"category-aktualitet","8":"category-vendi"},"_links":{"self":[{"href":"https:\/\/zjarr.tv\/sq\/wp-json\/wp\/v2\/posts\/100066","targetHints":{"allow":["GET"]}}],"collection":[{"href":"https:\/\/zjarr.tv\/sq\/wp-json\/wp\/v2\/posts"}],"about":[{"href":"https:\/\/zjarr.tv\/sq\/wp-json\/wp\/v2\/types\/post"}],"author":[{"embeddable":true,"href":"https:\/\/zjarr.tv\/sq\/wp-json\/wp\/v2\/users\/2013"}],"replies":[{"embeddable":true,"href":"https:\/\/zjarr.tv\/sq\/wp-json\/wp\/v2\/comments?post=100066"}],"version-history":[{"count":0,"href":"https:\/\/zjarr.tv\/sq\/wp-json\/wp\/v2\/posts\/100066\/revisions"}],"wp:featuredmedia":[{"embeddable":true,"href":"https:\/\/zjarr.tv\/sq\/wp-json\/wp\/v2\/media\/100067"}],"wp:attachment":[{"href":"https:\/\/zjarr.tv\/sq\/wp-json\/wp\/v2\/media?parent=100066"}],"wp:term":[{"taxonomy":"category","embeddable":true,"href":"https:\/\/zjarr.tv\/sq\/wp-json\/wp\/v2\/categories?post=100066"},{"taxonomy":"post_tag","embeddable":true,"href":"https:\/\/zjarr.tv\/sq\/wp-json\/wp\/v2\/tags?post=100066"}],"curies":[{"name":"wp","href":"https:\/\/api.w.org\/{rel}","templated":true}]}}