{"id":100074,"date":"2019-08-01T17:33:24","date_gmt":"2019-08-01T15:33:24","guid":{"rendered":"https:\/\/zjarr.tv\/?p=100074"},"modified":"2019-08-01T17:33:24","modified_gmt":"2019-08-01T15:33:24","slug":"premtohet-nje-tjeter-kulle-ne-mes-te-tiranes-denoncon-aleanca-per-mbrojtjen-e-teatrit","status":"publish","type":"post","link":"https:\/\/zjarr.tv\/sq\/premtohet-nje-tjeter-kulle-ne-mes-te-tiranes-denoncon-aleanca-per-mbrojtjen-e-teatrit\/","title":{"rendered":"Premtohet nj\u00eb tjet\u00ebr kull\u00eb n\u00eb mes t\u00eb Tiran\u00ebs, denoncon Aleanca p\u00ebr Mbrojtjen e Teatrit"},"content":{"rendered":"<p>&nbsp;<\/p>\n<p>Aktualisht, zona e Ushtarit t\u00eb Panjohur \u00ebsht\u00eb nj\u00eb lulishte, por aty \u00ebsht\u00eb projektuar t\u00eb nd\u00ebrtohet nj\u00eb kull\u00eb. Denoncimi b\u00ebhet nga Aleanca p\u00ebr Mbrojtjen e Teatrit, e cila ka publikuar edhe nj\u00eb foto t\u00eb projektit.<\/p>\n<p>\u201cKjo \u00ebsht\u00eb lavatri\u00e7ja tjet\u00ebr e parave t\u00eb pista q\u00eb tashm\u00eb do i marri Tiran\u00ebs dhe hap\u00ebsir\u00ebn te \u201cUshtari i Panjohur\u201d. Qart\u00ebsisht qyteti lavatri\u00e7e n\u00eb mendjen e s\u00ebmur\u00eb t\u00eb kryeministrit po vihet n\u00eb zbatim nga mendja djall\u00ebzore e kryetarit t\u00eb bashkis\u00eb.<\/p>\n<p>\u00c7do met\u00ebr katror lavatri\u00e7e lan\u00eb mij\u00ebra euro para t\u00eb pista t\u00eb cilat futen n\u00eb xhepat e t\u00eb interesuarve duke fuqizuar k\u00ebshtu nj\u00eb klas\u00eb oligark\u00ebsh t\u00eb cil\u00ebt do mund t\u00eb blejn\u00eb \u00e7do lloj pushteti\u201d, thuhet n\u00eb reagim.<\/p>\n<p>&nbsp;<\/p>\n","protected":false},"excerpt":{"rendered":"<p>&nbsp; Aktualisht, zona e Ushtarit t\u00eb Panjohur \u00ebsht\u00eb nj\u00eb lulishte, por aty \u00ebsht\u00eb projektuar t\u00eb nd\u00ebrtohet nj\u00eb kull\u00eb. Denoncimi b\u00ebhet nga Aleanca p\u00ebr Mbrojtjen e Teatrit, e cila ka publikuar edhe nj\u00eb foto t\u00eb projektit. \u201cKjo \u00ebsht\u00eb lavatri\u00e7ja tjet\u00ebr e parave t\u00eb pista q\u00eb tashm\u00eb do i marri Tiran\u00ebs dhe hap\u00ebsir\u00ebn te \u201cUshtari i Panjohur\u201d. [&hellip;]<\/p>\n","protected":false},"author":2013,"featured_media":100075,"comment_status":"open","ping_status":"closed","sticky":false,"template":"","format":"standard","meta":{"footnotes":""},"categories":[241,235],"tags":[],"class_list":{"0":"post-100074","1":"post","2":"type-post","3":"status-publish","4":"format-standard","5":"has-post-thumbnail","7":"category-aktualitet","8":"category-vendi"},"_links":{"self":[{"href":"https:\/\/zjarr.tv\/sq\/wp-json\/wp\/v2\/posts\/100074","targetHints":{"allow":["GET"]}}],"collection":[{"href":"https:\/\/zjarr.tv\/sq\/wp-json\/wp\/v2\/posts"}],"about":[{"href":"https:\/\/zjarr.tv\/sq\/wp-json\/wp\/v2\/types\/post"}],"author":[{"embeddable":true,"href":"https:\/\/zjarr.tv\/sq\/wp-json\/wp\/v2\/users\/2013"}],"replies":[{"embeddable":true,"href":"https:\/\/zjarr.tv\/sq\/wp-json\/wp\/v2\/comments?post=100074"}],"version-history":[{"count":0,"href":"https:\/\/zjarr.tv\/sq\/wp-json\/wp\/v2\/posts\/100074\/revisions"}],"wp:featuredmedia":[{"embeddable":true,"href":"https:\/\/zjarr.tv\/sq\/wp-json\/wp\/v2\/media\/100075"}],"wp:attachment":[{"href":"https:\/\/zjarr.tv\/sq\/wp-json\/wp\/v2\/media?parent=100074"}],"wp:term":[{"taxonomy":"category","embeddable":true,"href":"https:\/\/zjarr.tv\/sq\/wp-json\/wp\/v2\/categories?post=100074"},{"taxonomy":"post_tag","embeddable":true,"href":"https:\/\/zjarr.tv\/sq\/wp-json\/wp\/v2\/tags?post=100074"}],"curies":[{"name":"wp","href":"https:\/\/api.w.org\/{rel}","templated":true}]}}