{"id":100267,"date":"2019-08-03T14:56:21","date_gmt":"2019-08-03T12:56:21","guid":{"rendered":"https:\/\/zjarr.tv\/?p=100267"},"modified":"2019-08-03T14:56:21","modified_gmt":"2019-08-03T12:56:21","slug":"rama-poston-foto-te-migjenit-ka-dhe-televizor-per-cdo-pasagjer","status":"publish","type":"post","link":"https:\/\/zjarr.tv\/sq\/rama-poston-foto-te-migjenit-ka-dhe-televizor-per-cdo-pasagjer\/","title":{"rendered":"Rama poston foto t\u00eb &#8220;Migjenit&#8221;: Ka dhe televizor p\u00ebr \u00e7do pasagjer"},"content":{"rendered":"<p>Ja &#8220;Migjeni&#8221;.<br \/>\nKryeministri Edi Rama p\u00ebrmes nj\u00eb postimi n\u00eb facebook njofton tregon fotot e &#8220;Migjenit&#8221; avioni i dyt\u00eb i flot\u00ebs &#8220;Air Albania&#8221; q\u00eb si\u00e7 deklaron do t\u00eb nis\u00eb fluturimet n\u00eb fillimvjesht\u00eb drejt Italis\u00eb.<br \/>\n&#8220;Boeing 737 i vitit 2016, me sh\u00ebrbim t\u00eb standarteve t\u00eb larta nga trupa shqiptare e stjuart\u00ebve, q\u00eb nga ushqimi n\u00eb bord q\u00eb ishte harruar prej shum\u00eb vitesh p\u00ebr udh\u00ebtar\u00ebt e Rinasit dhe me televizor p\u00ebr \u00e7do pasagjer, si asnj\u00ebher\u00eb m\u00eb par\u00eb&#8221; shkruan Rama n\u00eb postimin e tij q\u00eb e shoq\u00ebron dhe me foto t\u00eb avionit&#8221;<\/p>\n<p>Rama paralajm\u00ebron se s\u00eb shpejti do bashkohet dhe &#8220;Naimi&#8221;<\/p>\n<p>&#8220;Nd\u00ebrkoh\u00eb \u201cNaimi\u201d do t\u2019i shtohet flot\u00ebs n\u00eb fund t\u00eb vitit p\u00ebr destinacione t\u00eb tjera europiane dhe m\u00eb tej, do t\u00eb vij\u00eb \u201cNoli\u201d p\u00ebr linj\u00ebn direkte Shqip\u00ebri-Amerik\u00eb&#8221;<br \/>\nNd\u00ebrkoh\u00eb avioni \u201cLasgushi\u201d mbulon linj\u00ebn e Stambollit.<\/p>\n<p>&nbsp;<\/p>\n<p><a href=\"https:\/\/zjarr.tv\/wp-content\/uploads\/2019\/08\/avioni1-migjen.jpg\"><img loading=\"lazy\" decoding=\"async\" class=\"alignnone size-medium wp-image-100268\" src=\"https:\/\/zjarr.tv\/wp-content\/uploads\/2019\/08\/avioni1-migjen-300x200.jpg\" alt=\"\" width=\"300\" height=\"200\" srcset=\"https:\/\/zjarr.tv\/wp-content\/uploads\/2019\/08\/avioni1-migjen-300x200.jpg 300w, https:\/\/zjarr.tv\/wp-content\/uploads\/2019\/08\/avioni1-migjen.jpg 624w\" sizes=\"auto, (max-width: 300px) 100vw, 300px\" \/><\/a><\/p>\n","protected":false},"excerpt":{"rendered":"<p>Ja &#8220;Migjeni&#8221;. Kryeministri Edi Rama p\u00ebrmes nj\u00eb postimi n\u00eb facebook njofton tregon fotot e &#8220;Migjenit&#8221; avioni i dyt\u00eb i flot\u00ebs &#8220;Air Albania&#8221; q\u00eb si\u00e7 deklaron do t\u00eb nis\u00eb fluturimet n\u00eb fillimvjesht\u00eb drejt Italis\u00eb. &#8220;Boeing 737 i vitit 2016, me sh\u00ebrbim t\u00eb standarteve t\u00eb larta nga trupa shqiptare e stjuart\u00ebve, q\u00eb nga ushqimi n\u00eb bord q\u00eb [&hellip;]<\/p>\n","protected":false},"author":2013,"featured_media":100269,"comment_status":"open","ping_status":"closed","sticky":false,"template":"","format":"standard","meta":{"footnotes":""},"categories":[241,235],"tags":[],"class_list":{"0":"post-100267","1":"post","2":"type-post","3":"status-publish","4":"format-standard","5":"has-post-thumbnail","7":"category-aktualitet","8":"category-vendi"},"_links":{"self":[{"href":"https:\/\/zjarr.tv\/sq\/wp-json\/wp\/v2\/posts\/100267","targetHints":{"allow":["GET"]}}],"collection":[{"href":"https:\/\/zjarr.tv\/sq\/wp-json\/wp\/v2\/posts"}],"about":[{"href":"https:\/\/zjarr.tv\/sq\/wp-json\/wp\/v2\/types\/post"}],"author":[{"embeddable":true,"href":"https:\/\/zjarr.tv\/sq\/wp-json\/wp\/v2\/users\/2013"}],"replies":[{"embeddable":true,"href":"https:\/\/zjarr.tv\/sq\/wp-json\/wp\/v2\/comments?post=100267"}],"version-history":[{"count":0,"href":"https:\/\/zjarr.tv\/sq\/wp-json\/wp\/v2\/posts\/100267\/revisions"}],"wp:featuredmedia":[{"embeddable":true,"href":"https:\/\/zjarr.tv\/sq\/wp-json\/wp\/v2\/media\/100269"}],"wp:attachment":[{"href":"https:\/\/zjarr.tv\/sq\/wp-json\/wp\/v2\/media?parent=100267"}],"wp:term":[{"taxonomy":"category","embeddable":true,"href":"https:\/\/zjarr.tv\/sq\/wp-json\/wp\/v2\/categories?post=100267"},{"taxonomy":"post_tag","embeddable":true,"href":"https:\/\/zjarr.tv\/sq\/wp-json\/wp\/v2\/tags?post=100267"}],"curies":[{"name":"wp","href":"https:\/\/api.w.org\/{rel}","templated":true}]}}