{"id":100271,"date":"2019-08-03T15:08:54","date_gmt":"2019-08-03T13:08:54","guid":{"rendered":"https:\/\/zjarr.tv\/?p=100271"},"modified":"2019-08-03T15:08:54","modified_gmt":"2019-08-03T13:08:54","slug":"vendimi-i-gjykates-per-vkm-e-parkut-te-tomorrit-malltezi-protesta-e-klosit-shfaqje-e-turpshme","status":"publish","type":"post","link":"https:\/\/zjarr.tv\/sq\/vendimi-i-gjykates-per-vkm-e-parkut-te-tomorrit-malltezi-protesta-e-klosit-shfaqje-e-turpshme\/","title":{"rendered":"Vendimi i gjykat\u00ebs p\u00ebr VKM e Parkut t\u00eb Tomorrit, Malltezi: Protesta e Klosit shfaqje e turpshme"},"content":{"rendered":"<p>&nbsp;<\/p>\n<p>An\u00ebtari i Kryesis\u00eb s\u00eb PD, nj\u00eb herazi edhe drejtues i Departamentit p\u00ebr Mjedisin n\u00eb k\u00ebt\u00eb parti ka reaguar me nj\u00eb postim n\u00eb faqen e tij n\u00eb facebook pas protest\u00ebs s\u00eb sotshme t\u00eb disa militant\u00ebve partiak\u00eb n\u00eb Berat t\u00eb drejtuar sipas tij nga Blendi Klosi.<\/p>\n<p>Ata kund\u00ebrshtonin nj\u00eb vendim t\u00eb gjykat\u00ebs s\u00eb Beratit q\u00eb e hidhte posht\u00eb nj\u00eb VKM q\u00eb k\u00ebrkonte zgjerim t\u00eb zon\u00ebs s\u00eb parkut komb\u00ebtar t\u00eb malit t\u00eb Tomorrit.<\/p>\n<p>\u201cBlendi Klosi \u201cprotestonte\u201d sot kund\u00ebr vendimit t\u00eb Gjykat\u00ebs, e cila me k\u00ebrkes\u00ebn e shoq\u00ebrive private, ka rr\u00ebzuar VKM e vitit 2018 p\u00ebr zgjerimin e Parkut Komb\u00ebtar edhe n\u00eb zonat tradicionale t\u00eb guror\u00ebve\u201d, shkruan Malltezi duke shtuar se, \u201cajo q\u00eb e shoh si skandaloze dhe tallje t\u00eb r\u00ebnd\u00eb me qytetar\u00ebt \u00ebsht\u00eb shfaqja e turpshme e Blendi Klosit. Si\u00e7 shikohet edhe n\u00eb dokumentat e paraqitur para gjykat\u00ebs, shoq\u00ebrit\u00eb e kan\u00eb hedhur n\u00eb gjyq qeverin\u00eb dhe e kan\u00eb fituar gjyqin me t\u00eb, pasi VKM eshte miratuar pa ndjekur asnje procedure dhe subjektet jan\u00eb t\u00eb licensuar nga vete qeveria Rama p\u00ebr shfryt\u00ebzim t\u00eb guroreve n\u00eb zon\u00ebn e zgjeruar me VKM-n\u00eb e vjetshme\u201d.<\/p>\n<p>Ja postimi i Plot\u00eb i Malltezit:<\/p>\n<p>Sa m\u00eb shum\u00eb zona t\u00eb mbrojtura, t\u00eb kete n\u00eb Shqiperi dhe jo beton oligark\u00ebsh, sa m\u00eb shum\u00eb pyje dhe jo zona kanabisi, aq m\u00eb mir\u00eb \u00ebsht\u00eb p\u00ebr vendin. Por kjo \u201cprotesta\u201d e sotme e Blendi Klosit me disa militant\u00eb, p\u00ebr gjoja mbrojtjen e Parkut Komb\u00ebtar n\u00eb Malin e Tomorrit, \u00ebsht\u00eb e neveritshme dhe e turpshme!<\/p>\n<p>Blendi Klosi \u201cprotestonte\u201d sot kund\u00ebr vendimit t\u00eb Gjykat\u00ebs, e cila me k\u00ebrkes\u00ebn e shoq\u00ebrive private, ka rr\u00ebzuar VKM e vitit 2018 p\u00ebr zgjerimin e Parkut Komb\u00ebtar edhe n\u00eb zonat tradicionale t\u00eb guror\u00ebve.<\/p>\n<p>(Nuk kam nd\u00ebrmend t\u00eb komentoj VKM p\u00ebr zgjerimin e Parkut, q\u00eb sipas ekspert\u00ebve \u00ebsht\u00eb demagogji, sepse \u00e7far\u00eb ia vlen p\u00ebr t\u2019u ruajtur atje, \u00ebsht\u00eb vendosur n\u00eb ruajtje n\u00eb 2012-\u00ebn. Nuk do t\u00eb komentoj as gjetjet e gjykat\u00ebs, q\u00eb sjell prova se VKM nuk ka zbatuar asnj\u00eb procedur\u00eb.)<\/p>\n<p>Ajo q\u00eb e shoh si skandaloze dhe tallje t\u00eb r\u00ebnd\u00eb me qytetar\u00ebt \u00ebsht\u00eb shfaqja e turpshme e Blendi Klosit. Si\u00e7 shikojet edhe n\u00eb dokumentat e paraqitur para gjykat\u00ebs, shoq\u00ebrit\u00eb e kan\u00eb hedhur n\u00eb gjyq qeverin\u00eb dhe e kan\u00eb fituar gjyqin me t\u00eb, pasi VKM eshte miratuar pa ndjekur asnje procedure dhe subjektet jan\u00eb t\u00eb licensuar nga vete qeveria Rama p\u00ebr shfryt\u00ebzim t\u00eb guroreve n\u00eb zon\u00ebn e zgjeruar me VKM-n\u00eb e vjetshme.<br \/>\nKeto licensa jane rinovuar her\u00eb pas here. Nj\u00ebra prej tyre, q\u00eb del n\u00eb dokumentat e gjykat\u00ebs \u00ebsht\u00eb e vitit 2016, k\u00ebshtu q\u00eb Blendi Klosi mund t\u00eb pyes\u00eb Damian Termetin dhe Lefter Kok\u00ebn p\u00ebr m\u00eb shum\u00eb detaje.<\/p>\n<p>N\u00ebse qeveria donte te zgjeronte vijen e parkut komb\u00ebtar t\u00eb Tomorrit, do t\u00eb duhej q\u00eb<br \/>\na) t\u00eb anulloje lejet dhe licensat q\u00eb ka l\u00ebshuar Rama \u2013 gjiknuri \u2013 balluku &#8211; koka p\u00ebr guroret.<br \/>\nb) t\u00eb hap\u00eb proces konsultimi publik sipas ligjit<br \/>\nc) ndryshimin e p\u00ebrdorimit t\u00eb tok\u00ebs ta kaloj\u00eb n\u00eb KKT si\u00e7 e k\u00ebrkon ligji<\/p>\n<p>(P\u00ebr m\u00eb tep\u00ebr n\u00ebse Klosit i qan zemra p\u00ebr zonat e mbrojtura mjafton t\u00eb mos i jap\u00eb gjith\u00eb buxhetin prej 800,000 eurosh t\u00eb agjensis\u00eb s\u00eb zonave t\u00eb mbrojtura pikerisht drejtorit Dedej shok t\u00eb Edi Ram\u00ebs q\u00eb ka formuar dy shoqata p\u00ebr t\u00eb p\u00ebrlare gjith\u00eb buxhetin. Ose t\u00eb heq\u00eb guroret nga fondi pyjor mu buze detit n\u00eb Palas\u00eb fjala bie).<\/p>\n<p>Prandaj, shfaqja e sotme \u00ebsht\u00eb posht\u00ebruese p\u00ebr shqiptar\u00ebt, q\u00eb, p\u00ebr fatin e keq, drejtohen nga nj\u00eb qeveri q\u00eb i vjedh nat\u00ebn e i qan dit\u00ebn.<\/p>\n<p>&nbsp;<\/p>\n<p>&nbsp;<\/p>\n<p>&nbsp;<\/p>\n<p>&nbsp;<\/p>\n<p>&nbsp;<\/p>\n<p>&nbsp;<\/p>\n<p>&nbsp;<\/p>\n<p>&nbsp;<\/p>\n<p>&nbsp;<\/p>\n","protected":false},"excerpt":{"rendered":"<p>&nbsp; An\u00ebtari i Kryesis\u00eb s\u00eb PD, nj\u00eb herazi edhe drejtues i Departamentit p\u00ebr Mjedisin n\u00eb k\u00ebt\u00eb parti ka reaguar me nj\u00eb postim n\u00eb faqen e tij n\u00eb facebook pas protest\u00ebs s\u00eb sotshme t\u00eb disa militant\u00ebve partiak\u00eb n\u00eb Berat t\u00eb drejtuar sipas tij nga Blendi Klosi. Ata kund\u00ebrshtonin nj\u00eb vendim t\u00eb gjykat\u00ebs s\u00eb Beratit q\u00eb e [&hellip;]<\/p>\n","protected":false},"author":2013,"featured_media":76619,"comment_status":"open","ping_status":"closed","sticky":false,"template":"","format":"standard","meta":{"footnotes":""},"categories":[241,235],"tags":[],"class_list":{"0":"post-100271","1":"post","2":"type-post","3":"status-publish","4":"format-standard","5":"has-post-thumbnail","7":"category-aktualitet","8":"category-vendi"},"_links":{"self":[{"href":"https:\/\/zjarr.tv\/sq\/wp-json\/wp\/v2\/posts\/100271","targetHints":{"allow":["GET"]}}],"collection":[{"href":"https:\/\/zjarr.tv\/sq\/wp-json\/wp\/v2\/posts"}],"about":[{"href":"https:\/\/zjarr.tv\/sq\/wp-json\/wp\/v2\/types\/post"}],"author":[{"embeddable":true,"href":"https:\/\/zjarr.tv\/sq\/wp-json\/wp\/v2\/users\/2013"}],"replies":[{"embeddable":true,"href":"https:\/\/zjarr.tv\/sq\/wp-json\/wp\/v2\/comments?post=100271"}],"version-history":[{"count":0,"href":"https:\/\/zjarr.tv\/sq\/wp-json\/wp\/v2\/posts\/100271\/revisions"}],"wp:featuredmedia":[{"embeddable":true,"href":"https:\/\/zjarr.tv\/sq\/wp-json\/wp\/v2\/media\/76619"}],"wp:attachment":[{"href":"https:\/\/zjarr.tv\/sq\/wp-json\/wp\/v2\/media?parent=100271"}],"wp:term":[{"taxonomy":"category","embeddable":true,"href":"https:\/\/zjarr.tv\/sq\/wp-json\/wp\/v2\/categories?post=100271"},{"taxonomy":"post_tag","embeddable":true,"href":"https:\/\/zjarr.tv\/sq\/wp-json\/wp\/v2\/tags?post=100271"}],"curies":[{"name":"wp","href":"https:\/\/api.w.org\/{rel}","templated":true}]}}