{"id":100273,"date":"2019-08-03T16:02:47","date_gmt":"2019-08-03T14:02:47","guid":{"rendered":"https:\/\/zjarr.tv\/?p=100273"},"modified":"2019-08-03T16:02:47","modified_gmt":"2019-08-03T14:02:47","slug":"heroi-i-velipojes-ish-portieri-i-vllaznise-shpeton-nje-tjeter-pushues","status":"publish","type":"post","link":"https:\/\/zjarr.tv\/sq\/heroi-i-velipojes-ish-portieri-i-vllaznise-shpeton-nje-tjeter-pushues\/","title":{"rendered":"Heroi i Velipoj\u00ebs\/ Ish-portieri i Vllaznis\u00eb shp\u00ebton nj\u00eb tjet\u00ebr pushues"},"content":{"rendered":"<p>&nbsp;<\/p>\n<p>Ish-portieri i Vllaznis\u00eb Eldi Hasani \u00ebsht\u00eb kthyer s\u00ebrish n\u00eb qend\u00ebr t\u00eb mediave sociale, pasi ka shp\u00ebtuar nj\u00eb tjet\u00ebr jet\u00eb.<\/p>\n<p>Eldi Hasani, i cili gjat\u00eb ver\u00ebs punon si vrojtues n\u00eb plazhin e Velipoj\u00ebs, ka shp\u00ebtuar nga mbytja nj\u00eb 54-vje\u00e7are, e cila po hast\u00eb v\u00ebshtir\u00ebsi n\u00eb det.<\/p>\n<p>Pasi ka dal\u00eb n\u00eb breg, 54-vje\u00e7arja ka kaluar nj\u00eb gjendje t\u00eb fikti, gj\u00eb q\u00eb e ka v\u00ebshtir\u00ebsuar m\u00eb shum\u00eb gjendjen e saj sh\u00ebndet\u00ebsore.<\/p>\n<p>Megjith\u00ebse si\u00e7 b\u00ebhet e ditur, ambulanca ka mb\u00ebrritur shpejt dhe 54-vje\u00e7arja \u00ebsht\u00eb transportuar n\u00eb spital p\u00ebr ndihm\u00ebn e specializuar.<\/p>\n<p>&nbsp;<\/p>\n<p>&nbsp;<\/p>\n<p>&nbsp;<\/p>\n<p>&nbsp;<\/p>\n","protected":false},"excerpt":{"rendered":"<p>&nbsp; Ish-portieri i Vllaznis\u00eb Eldi Hasani \u00ebsht\u00eb kthyer s\u00ebrish n\u00eb qend\u00ebr t\u00eb mediave sociale, pasi ka shp\u00ebtuar nj\u00eb tjet\u00ebr jet\u00eb. Eldi Hasani, i cili gjat\u00eb ver\u00ebs punon si vrojtues n\u00eb plazhin e Velipoj\u00ebs, ka shp\u00ebtuar nga mbytja nj\u00eb 54-vje\u00e7are, e cila po hast\u00eb v\u00ebshtir\u00ebsi n\u00eb det. Pasi ka dal\u00eb n\u00eb breg, 54-vje\u00e7arja ka kaluar nj\u00eb [&hellip;]<\/p>\n","protected":false},"author":2013,"featured_media":100276,"comment_status":"open","ping_status":"closed","sticky":false,"template":"","format":"standard","meta":{"footnotes":""},"categories":[241,235],"tags":[],"class_list":{"0":"post-100273","1":"post","2":"type-post","3":"status-publish","4":"format-standard","5":"has-post-thumbnail","7":"category-aktualitet","8":"category-vendi"},"_links":{"self":[{"href":"https:\/\/zjarr.tv\/sq\/wp-json\/wp\/v2\/posts\/100273","targetHints":{"allow":["GET"]}}],"collection":[{"href":"https:\/\/zjarr.tv\/sq\/wp-json\/wp\/v2\/posts"}],"about":[{"href":"https:\/\/zjarr.tv\/sq\/wp-json\/wp\/v2\/types\/post"}],"author":[{"embeddable":true,"href":"https:\/\/zjarr.tv\/sq\/wp-json\/wp\/v2\/users\/2013"}],"replies":[{"embeddable":true,"href":"https:\/\/zjarr.tv\/sq\/wp-json\/wp\/v2\/comments?post=100273"}],"version-history":[{"count":0,"href":"https:\/\/zjarr.tv\/sq\/wp-json\/wp\/v2\/posts\/100273\/revisions"}],"wp:featuredmedia":[{"embeddable":true,"href":"https:\/\/zjarr.tv\/sq\/wp-json\/wp\/v2\/media\/100276"}],"wp:attachment":[{"href":"https:\/\/zjarr.tv\/sq\/wp-json\/wp\/v2\/media?parent=100273"}],"wp:term":[{"taxonomy":"category","embeddable":true,"href":"https:\/\/zjarr.tv\/sq\/wp-json\/wp\/v2\/categories?post=100273"},{"taxonomy":"post_tag","embeddable":true,"href":"https:\/\/zjarr.tv\/sq\/wp-json\/wp\/v2\/tags?post=100273"}],"curies":[{"name":"wp","href":"https:\/\/api.w.org\/{rel}","templated":true}]}}