{"id":100281,"date":"2019-08-03T16:07:27","date_gmt":"2019-08-03T14:07:27","guid":{"rendered":"https:\/\/zjarr.tv\/?p=100281"},"modified":"2019-08-03T16:07:27","modified_gmt":"2019-08-03T14:07:27","slug":"akuza-e-forte-e-bardh-spahise-pjetri-u-shpall-non-grata-nga-italia","status":"publish","type":"post","link":"https:\/\/zjarr.tv\/sq\/akuza-e-forte-e-bardh-spahise-pjetri-u-shpall-non-grata-nga-italia\/","title":{"rendered":"Akuza e fort\u00eb e Bardh Spahis\u00eb: Pjetri u shpall \u201cnon grata\u201d nga Italia"},"content":{"rendered":"<p>&nbsp;<\/p>\n<p>Ish-deputeti i Partis\u00eb Demokratike, Bardh Spahia, ka reaguar pas deklarat\u00ebs s\u00eb kryebashkiakut t\u00eb ri t\u00eb Shkodr\u00ebs, Valdrin Pjetri, i cili duke iu p\u00ebrgjigjur akuzave t\u00eb opozit\u00ebs p\u00ebr past\u00ebrtin\u00eb e figur\u00ebs.<\/p>\n<p>Lidhur me k\u00ebt\u00eb, Bardhi shkruan n\u00eb \u201cFacebook\u201d se n\u00eb vend t\u00eb Prokuroris\u00eb, reagon Valdrin Pjetri, madje edhe tregon se si duhet t\u00eb hetohet. Sipas tij, n\u00eb vend q\u00eb t\u00eb thirret p\u00ebr t\u2019u pyetur p\u00ebr akuz\u00ebn publike, i p\u00ebrzgjedhuri i Ram\u00ebs i jep leksione hetimi Arta Markut.<\/p>\n<p>Nd\u00ebr t\u00eb tjera, ish-deputeti Spahia i k\u00ebrkon Pjetrit t\u2019i shpegoj\u00eb atij 5% t\u00eb shkodran\u00ebve q\u00eb e votuan pse u shpall \u201cnon grata\u201d nga Italia p\u00ebr nj\u00eb dekad\u00eb.<\/p>\n<p>\u201cPER TE QESHUR E PER TE QARE! Ne vend te Prokurorise reagon Valdrin Pjetri! Rilindja nuk zhgenjen se te gjithe personazheve u jep te njejtin skenar! Edhe Elvis Roshi, edhe Vangjush Dako\u2026te gjithe flisnin ne vend te prokurorise! Valdrini madje edhe i tregon se si duhet te hetohet \u201cjo bazuar ne indicje\u201d.<\/p>\n<p>Ne vend qe te thirret e te pyetet per akuzen publike tashme, i perzgjedhuri i Rames, po i jep leksione hetimi Arta Markut! Ne fakt te tilla ka marre qekur u emerua PPP. Te shohim nese do pranoje leksionin e rradhes, apo do kujtohet se edhe duhet te beje detyren ndonjehere! Nese Valdrini nuk ndjen detyrim t\u2019i shpjegoje 5% qe e votoi, se pse u shpall non grata nga Italia per nje dekade, atehere situata eshte me rende!<\/p>\n<p>Ti mund te kesh shpresa se Arta Marku mund te te shpetoje duke shkelur ligjin, por sado para te kesh bere para debimit, sado para te kesh bere si drejtor i Rames ne hipoteke, e kaluara nuk blihet dot! #IShantazhueshem#FiksPerRilindjen #TurpPerShkodren\u201d, shkruan Spahia.<\/p>\n<p>&nbsp;<\/p>\n","protected":false},"excerpt":{"rendered":"<p>&nbsp; Ish-deputeti i Partis\u00eb Demokratike, Bardh Spahia, ka reaguar pas deklarat\u00ebs s\u00eb kryebashkiakut t\u00eb ri t\u00eb Shkodr\u00ebs, Valdrin Pjetri, i cili duke iu p\u00ebrgjigjur akuzave t\u00eb opozit\u00ebs p\u00ebr past\u00ebrtin\u00eb e figur\u00ebs. Lidhur me k\u00ebt\u00eb, Bardhi shkruan n\u00eb \u201cFacebook\u201d se n\u00eb vend t\u00eb Prokuroris\u00eb, reagon Valdrin Pjetri, madje edhe tregon se si duhet t\u00eb hetohet. Sipas [&hellip;]<\/p>\n","protected":false},"author":2013,"featured_media":50594,"comment_status":"open","ping_status":"closed","sticky":false,"template":"","format":"standard","meta":{"footnotes":""},"categories":[241,235],"tags":[],"class_list":{"0":"post-100281","1":"post","2":"type-post","3":"status-publish","4":"format-standard","5":"has-post-thumbnail","7":"category-aktualitet","8":"category-vendi"},"_links":{"self":[{"href":"https:\/\/zjarr.tv\/sq\/wp-json\/wp\/v2\/posts\/100281","targetHints":{"allow":["GET"]}}],"collection":[{"href":"https:\/\/zjarr.tv\/sq\/wp-json\/wp\/v2\/posts"}],"about":[{"href":"https:\/\/zjarr.tv\/sq\/wp-json\/wp\/v2\/types\/post"}],"author":[{"embeddable":true,"href":"https:\/\/zjarr.tv\/sq\/wp-json\/wp\/v2\/users\/2013"}],"replies":[{"embeddable":true,"href":"https:\/\/zjarr.tv\/sq\/wp-json\/wp\/v2\/comments?post=100281"}],"version-history":[{"count":0,"href":"https:\/\/zjarr.tv\/sq\/wp-json\/wp\/v2\/posts\/100281\/revisions"}],"wp:featuredmedia":[{"embeddable":true,"href":"https:\/\/zjarr.tv\/sq\/wp-json\/wp\/v2\/media\/50594"}],"wp:attachment":[{"href":"https:\/\/zjarr.tv\/sq\/wp-json\/wp\/v2\/media?parent=100281"}],"wp:term":[{"taxonomy":"category","embeddable":true,"href":"https:\/\/zjarr.tv\/sq\/wp-json\/wp\/v2\/categories?post=100281"},{"taxonomy":"post_tag","embeddable":true,"href":"https:\/\/zjarr.tv\/sq\/wp-json\/wp\/v2\/tags?post=100281"}],"curies":[{"name":"wp","href":"https:\/\/api.w.org\/{rel}","templated":true}]}}