{"id":100286,"date":"2019-08-03T17:01:36","date_gmt":"2019-08-03T15:01:36","guid":{"rendered":"https:\/\/zjarr.tv\/?p=100286"},"modified":"2019-08-03T17:01:36","modified_gmt":"2019-08-03T15:01:36","slug":"zeri-i-amerikes-rrezikohet-gara-per-inspektorin-e-larte-te-drejtesise","status":"publish","type":"post","link":"https:\/\/zjarr.tv\/sq\/zeri-i-amerikes-rrezikohet-gara-per-inspektorin-e-larte-te-drejtesise\/","title":{"rendered":"\u00a0Z\u00ebri i Amerik\u00ebs: Rrezikohet gara p\u00ebr Inspektorin e Lart\u00eb t\u00eb Drejt\u00ebsis\u00eb"},"content":{"rendered":"<p>&nbsp;<\/p>\n<p>K\u00ebshilli i Em\u00ebrimeve n\u00eb Drejt\u00ebsi vendosi n\u00eb mbledhjen e radh\u00ebs t\u00eb lejoj\u00eb kandidimin e Eris Hysit si kandidat p\u00ebr Inspektor i Lart\u00eb i Drejt\u00ebsis\u00eb dhe t\u00eb ndaloj\u00eb kandidimin e Klodian Rados p\u00ebr k\u00ebt\u00eb post.<\/p>\n<p>Vendimi u mor pasi u shqyrtuan dy kandidaturat p\u00ebr vendin vakant t\u00eb Inspektorit t\u00eb Lart\u00eb t\u00eb Drejt\u00ebsis\u00eb.<\/p>\n<p>Burime pran\u00eb Gjykat\u00ebs pohuan q\u00eb zoti Rado nuk plot\u00ebsonte kriterin e 15 vjet\u00ebshit t\u00eb pun\u00ebs. Me k\u00ebt\u00eb vendim duket se rrezikohet gara p\u00ebr ILD.<\/p>\n<p>N\u00ebse ky vendim p\u00ebr kandidatin Klodian Rado ngelet n\u00eb fuqi, pas nj\u00eb kund\u00ebrshtimi t\u00eb mundsh\u00ebm n\u00eb gjykat\u00eb, at\u00ebher\u00eb pozicioni p\u00ebr Inspektor t\u00eb Lart\u00eb t\u00eb Drejt\u00ebsis\u00eb mund t\u00eb p\u00ebrs\u00ebritet p\u00ebr konkurrim nga KED.<\/p>\n<p>Ligji parashikon q\u00eb n\u00eb konkurrimin p\u00ebr Inspektor t\u00eb Lart\u00eb t\u00eb Drejt\u00ebsis\u00eb duhet t\u00eb jen\u00eb 5 kandidat\u00eb. Ata duhet t\u00eb plot\u00ebsojn\u00eb detyrimisht kriteret e 15 vjet p\u00ebrvoj\u00eb pune n\u00eb profesion, integritet t\u00eb lart\u00eb moral e profesional, nuk duhet t\u00eb ken\u00eb mbajtur funksione politike n\u00eb administrat\u00eb, ose n\u00ebp\u00ebr parti politike 10 vitet e fundit.<\/p>\n<p>Kandidat\u00ebt p\u00ebr inspektor\u00eb t\u00eb lart\u00eb t\u00eb drejt\u00ebsis\u00eb duhet po ashtu t\u00eb mos jen\u00eb bashk\u00ebpun\u00ebtor\u00eb, informator\u00eb ose agjent\u00eb t\u00eb sh\u00ebrbimeve t\u00eb inteligjenc\u00ebs, t\u00eb mos jen\u00eb d\u00ebnuar nga drejt\u00ebsia p\u00ebr vepra penale dhe as t\u00eb jen\u00eb pushuar m\u00eb par\u00eb nga puna p\u00ebr shkaqe disiplinore.<\/p>\n<p>Vendimi i djesh\u00ebm i KED p\u00ebr ndalimin e kandidatur\u00ebs s\u00eb zotit Rado mund t\u00eb sjell\u00eb rishpalljen e vakanc\u00ebs p\u00ebr postin e ILD.<\/p>\n<p>Zgjedhja e ILD duhet t\u00eb ishte kryer n\u00eb shkurt &#8211; mars 2017, ose 2 vjet e gjysm\u00eb m\u00eb par\u00eb, 6 muaj pasi amendamentet kushtetuese t\u00eb reform\u00ebs n\u00eb drejt\u00ebsi hyn\u00eb n\u00eb fuqi.<\/p>\n<p>Por, burime t\u00eb besueshme e zyrtare nga KED i than\u00eb Z\u00ebrit t\u00eb Amerik\u00ebs se KED pritet t\u00eb mblidhet t\u00eb h\u00ebn\u00ebn p\u00ebr t\u00eb vendosur n\u00ebse do t\u00eb vijoj\u00eb k\u00ebt\u00eb gar\u00eb me kandidat\u00ebt e mbetur apo n\u00ebse duhet tw rihap\u00eb gar\u00ebn nga e para. Kjo e fundit do ta shtynte me disa muaj t\u00eb gjithw procesin, duke l\u00ebn\u00eb bosh ngritjen e nj\u00ebrit prej institucioneve ky\u00e7e t\u00eb sistemit t\u00eb drejt\u00ebsis\u00eb.<\/p>\n<p>KED vendosi po ashtu n\u00eb mbledhjen e djeshme edhe ndalimin e kandidimit p\u00ebr zonj\u00ebn Zhaklina Peta, kandidate p\u00ebr an\u00ebtare e Gjykat\u00ebs Kushtetuese. Zonja Peta ka kandiduar n\u00eb dy poste vakante p\u00ebr an\u00ebtare e Gjykat\u00ebs Kushtetuese, q\u00eb i p\u00ebrkasin presidentit.<\/p>\n<p>N\u00ebse edhe pas ankimimit emri i saj rr\u00ebzohet, at\u00ebher\u00eb i mbetet presidentit t\u00eb vendos\u00eb n\u00ebse do ta rishpall\u00eb nj\u00ebr\u00ebn nga vakancat e Gjykat\u00ebs Kushtetuese e p\u00ebrcaktuar p\u00ebr presidentin.<\/p>\n<p>KED rr\u00ebzoi disa dit\u00eb m\u00eb par\u00eb 3 kandidat\u00eb t\u00eb tjer\u00eb n\u00eb nj\u00eb vakanc\u00eb t\u00eb p\u00ebrcaktuar p\u00ebr parlamentin, dhe ajo mbetet p\u00ebr t\u2019u rishalllur gara. K\u00ebshilli i Em\u00ebrimeve n\u00eb Drejt\u00ebsi vendosi ndalimin e kandidimeve, nd\u00ebrmjet t\u00eb tjer\u00ebve, edhe p\u00ebr Fiona Papajorgjin, Valbona Bal\u00ebn dhe Sinan Tafajn. K\u00ebta tre emra ishin t\u00eb vetmit q\u00eb kandidonin p\u00ebr z\u00ebvend\u00ebsimin e ish an\u00ebtarit t\u00eb Gjykat\u00ebs Kushtetuese, Fatos Lulo, t\u00eb rr\u00ebzuar nga procesi i rivler\u00ebsimit t\u00eb gjyqtar\u00ebve.<\/p>\n<p>Pas k\u00ebsaj Parlamentit i duhet t\u00eb shpall\u00eb nj\u00eb thirrje t\u00eb re.<\/p>\n<p>Gjykata Kushtetuese, e cila aktualisht ka vet\u00ebm nj\u00eb an\u00ebtar, Vitore Tush\u00ebn, pritet t\u00eb ket\u00eb vet\u00ebm 5 an\u00ebtar\u00eb t\u00eb rinj.<\/p>\n<p>Por ky proces rrezikohet dhe nga nj\u00eb moment tjet\u00ebr, q\u00eb mund ta reduktoj\u00eb edhe me nj\u00eb tjet\u00ebr an\u00ebtar Gjykat\u00ebn.<\/p>\n<p>P\u00ebr shkak t\u00eb numrit t\u00eb kufizuar t\u00eb kandidat\u00ebve q\u00eb jan\u00eb p\u00ebrzgjedhur, gjith\u00e7ka duket se do t\u00eb jet\u00eb n\u00eb dor\u00eb t\u00eb presidentit Iir Meta.<\/p>\n<p>N\u00ebse Kreu i Shtetit p\u00ebr tre vendet vakante t\u00eb shpallura prej tij, do t\u00eb p\u00ebrzgjidhte emrat e Arta Vorpsit, Besnik Mu\u00e7it dhe Elsa Tosk\u00ebs, at\u00ebher\u00eb automatikisht do t\u00eb mbetej pa kandidat vakanca e shpallur nga parlamenti p\u00ebr z\u00ebvend\u00ebsuesin e ish an\u00ebtarit Vladimir Kristo.<\/p>\n<p>Ky rast mund t\u00eb tejkalohet n\u00ebse do t\u00eb ket\u00eb nj\u00eb koordinim mes dy institucioneve, n\u00eb m\u00ebnyr\u00eb q\u00eb t\u00eb mos pengojn\u00eb nj\u00ebra tjetr\u00ebn, dhe presidenti do t\u00eb zgjidhte t\u00eb pakt\u00ebn nj\u00eb nga dy kandidat\u00ebt e tjer\u00eb t\u00eb kualifikuar.<\/p>\n<p>Deri m\u00eb tani 12 kandidat\u00eb jan\u00eb rr\u00ebzuar, dhe vet\u00ebm 5 jan\u00eb p\u00ebrzgjedhur. Nga k\u00ebto Besnik Mu\u00e7i pret vendimin e Kolegjit t\u00eb Posa\u00e7\u00ebm t\u00eb Apelimit n\u00eb fillim t\u00eb shtatorit, nd\u00ebrsa p\u00ebr Regleta Panajotin, pritet t\u00eb shihet n\u00ebse Komisioneri Publik do t\u00eb b\u00ebj\u00eb ose jo ankimim p\u00ebr vendimin e Komisionit t\u00eb Pavarur t\u00eb Kualifikimit, i cili e konfirmoi at\u00eb n\u00eb detyr\u00eb. \/VOA<\/p>\n<p>&nbsp;<\/p>\n","protected":false},"excerpt":{"rendered":"<p>&nbsp; K\u00ebshilli i Em\u00ebrimeve n\u00eb Drejt\u00ebsi vendosi n\u00eb mbledhjen e radh\u00ebs t\u00eb lejoj\u00eb kandidimin e Eris Hysit si kandidat p\u00ebr Inspektor i Lart\u00eb i Drejt\u00ebsis\u00eb dhe t\u00eb ndaloj\u00eb kandidimin e Klodian Rados p\u00ebr k\u00ebt\u00eb post. Vendimi u mor pasi u shqyrtuan dy kandidaturat p\u00ebr vendin vakant t\u00eb Inspektorit t\u00eb Lart\u00eb t\u00eb Drejt\u00ebsis\u00eb. Burime pran\u00eb Gjykat\u00ebs [&hellip;]<\/p>\n","protected":false},"author":2013,"featured_media":99746,"comment_status":"open","ping_status":"closed","sticky":false,"template":"","format":"standard","meta":{"footnotes":""},"categories":[241,235],"tags":[],"class_list":{"0":"post-100286","1":"post","2":"type-post","3":"status-publish","4":"format-standard","5":"has-post-thumbnail","7":"category-aktualitet","8":"category-vendi"},"_links":{"self":[{"href":"https:\/\/zjarr.tv\/sq\/wp-json\/wp\/v2\/posts\/100286","targetHints":{"allow":["GET"]}}],"collection":[{"href":"https:\/\/zjarr.tv\/sq\/wp-json\/wp\/v2\/posts"}],"about":[{"href":"https:\/\/zjarr.tv\/sq\/wp-json\/wp\/v2\/types\/post"}],"author":[{"embeddable":true,"href":"https:\/\/zjarr.tv\/sq\/wp-json\/wp\/v2\/users\/2013"}],"replies":[{"embeddable":true,"href":"https:\/\/zjarr.tv\/sq\/wp-json\/wp\/v2\/comments?post=100286"}],"version-history":[{"count":0,"href":"https:\/\/zjarr.tv\/sq\/wp-json\/wp\/v2\/posts\/100286\/revisions"}],"wp:featuredmedia":[{"embeddable":true,"href":"https:\/\/zjarr.tv\/sq\/wp-json\/wp\/v2\/media\/99746"}],"wp:attachment":[{"href":"https:\/\/zjarr.tv\/sq\/wp-json\/wp\/v2\/media?parent=100286"}],"wp:term":[{"taxonomy":"category","embeddable":true,"href":"https:\/\/zjarr.tv\/sq\/wp-json\/wp\/v2\/categories?post=100286"},{"taxonomy":"post_tag","embeddable":true,"href":"https:\/\/zjarr.tv\/sq\/wp-json\/wp\/v2\/tags?post=100286"}],"curies":[{"name":"wp","href":"https:\/\/api.w.org\/{rel}","templated":true}]}}