{"id":100296,"date":"2019-08-03T19:00:39","date_gmt":"2019-08-03T17:00:39","guid":{"rendered":"https:\/\/zjarr.tv\/?p=100296"},"modified":"2019-08-03T17:21:09","modified_gmt":"2019-08-03T15:21:09","slug":"nje-avokat-shqiptar-mbron-dy-italianet-e-perfshire-ne-skandalin-e-fondeve-ruse-per-legen","status":"publish","type":"post","link":"https:\/\/zjarr.tv\/sq\/nje-avokat-shqiptar-mbron-dy-italianet-e-perfshire-ne-skandalin-e-fondeve-ruse-per-legen\/","title":{"rendered":"Nj\u00eb avokat shqiptar mbron dy italian\u00ebt e p\u00ebrfshir\u00eb n\u00eb skandalin e fondeve ruse p\u00ebr Leg\u00ebn"},"content":{"rendered":"<p>&nbsp;<\/p>\n<p>Dy nga tre italian\u00ebt e p\u00ebrfshir\u00eb n\u00eb skandalin e audio p\u00ebrgjimit se fonde ruse kan\u00eb financuar partin\u00eb Lidhja, me lider z\u00ebvend\u00ebs kryeminsitrin italian Matteo Salvini, do t\u00eb mbrohen nga avokati shqiptar n\u00eb Itali, Ersi Bozheku.<\/p>\n<p>Italian\u00ebt Gianluca Meranda me profesionin avokat e Francesco Vanucci, ekspert financiar, kan\u00eb qen\u00eb t\u00eb pranish\u00ebm n\u00eb takimin e zhvilluar n\u00eb hotel Metropol t\u00eb Mosk\u00ebs m\u00eb 18 tetor 2018 s\u00eb bashku me kryetarin e shoqat\u00ebs Lombardi-Rusi, Giovanni Savonini, ish z\u00ebdh\u00ebn\u00ebs i Partis\u00eb Lidhja.<\/p>\n<p>T\u00eb dy italian\u00ebt t\u00eb v\u00ebn\u00eb n\u00ebn hetim nga drejt\u00ebsia italiane kan\u00eb zgjedhur t\u00eb mbrohen nga avokati i suksesh\u00ebm shqiptar, Ersi Bozheku, i cili ka n\u00eb kurikulimin e tij profesional dhe nj\u00eb karrier\u00eb akademike n\u00eb Universitetin La Sapienza t\u00eb Rom\u00ebs.<\/p>\n<p>Regjistrimi audio i dat\u00ebs 18 tetor 2018 i publikuar n\u00eb portalin amerikan Buzzfeed, zbardh nj\u00eb bised\u00eb t\u00eb zhvilluar n\u00eb hotel Metropol t\u00eb Mosk\u00ebs, mes legistit Gianluca Savoini, kryetar i shoqat\u00ebs Lombardia-Rusia e disa rus\u00ebve, ku bisedohet p\u00ebr strategji anti europiane e afera biznesi n\u00eb sektorin e nat\u00ebs si dhe n\u00eb arritjen e nj\u00eb marreveshje me financim rreth 65 milio\u00eb dollari p\u00ebr Lidhjen.<\/p>\n<p>Me k\u00ebrkes\u00eb t\u00eb avokat\u00ebve mbrojt\u00ebs t\u00eb 3 italian\u00ebt, n\u00eb muajin shtator Gjykata Italiane e Rishqyrtimti pritet t\u00eb ekzaminoj dokumentet e dosjes hetimore.<\/p>\n<p>I kontaktuar nga RTV Ora, mbi dat\u00ebn e zhvillimit t\u00eb k\u00ebtij procesi e linjat mbrojt\u00ebse, avokati, Ersi Bozheku ka deklaruar se \u00ebsht\u00eb n\u00eb &#8220;heshtje mediatike&#8221; e p\u00ebr momentin nuk ka asgj\u00eb p\u00ebr t\u00eb deklaruar p\u00ebr gazetar\u00ebt.<\/p>\n<p>Prokuroria Italiane e Milanos ka marr\u00eb n\u00eb zot\u00ebrim file audio t\u00eb k\u00ebtij takimi, regjistrimi i t\u00eb cilit \u00ebsht\u00eb b\u00ebr\u00eb nga nj\u00eb prej italian\u00ebve t\u00eb pranish\u00ebm n\u00eb k\u00ebt\u00eb takim.<\/p>\n<p>Sipas prokuror\u00ebve italian\u00eb ky nuk \u00ebsht\u00eb takimi i par\u00eb i tyre me rus\u00ebt.<\/p>\n<p>Z\u00ebvend\u00ebs kryeminsitri italian, Matteo Salvini ka deklaruar se &#8220;<em>nuk ka marr\u00eb asnj\u00eb rublo, asnj\u00eb euro, asnj\u00eb dollar\u00eb e as nj\u00eb lit\u00ebr vodk\u00eb nga Rusia.<\/em>\u00a0<em>Do t\u00eb denoncoj t\u00eb gjith\u00eb ata q\u00eb m\u00eb p\u00ebrfshijn\u00eb mua e Lidhjen, n\u00eb k\u00ebt\u00eb ngjarje&#8221;,\u00a0<\/em>ka th\u00ebn\u00eb ai.<\/p>\n<p>N\u00eb audio legisti, Gianluca Savoini shprehet n\u00eb gjuh\u00ebn angleze se\u00a0<em>&#8216;n\u00eb maj do jen\u00eb zgjedhjet europiane e po p\u00ebrpiqen ta ndryshojn\u00eb Europ\u00ebn<\/em>&#8221;\u00a0<em>&#8220;Duam, thot\u00eb ai, nj\u00eb Europ\u00eb t\u00eb re, q\u00eb duhet t\u00eb jet\u00eb pran\u00eb Rusis\u00eb, pasi k\u00ebrkojm\u00eb rimarrim sovranitetin ton\u00eb.&#8217;<\/em><\/p>\n<p><em>&#8220;Salvini, shprehet z\u00ebri n\u00eb audio, \u00ebsht\u00eb i pari q\u00eb k\u00ebrkon ndryshme n\u00eb Europe, s\u00eb bashku me aleat\u00ebt tan\u00eb austriak\u00eb e humgarez\u00eb&#8221;,\u00a0<\/em><\/p>\n<p>Nd\u00ebrsa rus\u00ebt komentojn\u00eb nw bised\u00eb se\u00a0<em>&#8220;Salvini \u00ebsht\u00eb Trumpi europian&#8221;.<\/em><\/p>\n<p>Kryetari i shoqat\u00ebs Lombardi &#8211; Rusi, Gianluca Savoini ka deklaruar se z\u00ebri n\u00eb k\u00ebt\u00eb audio nuk \u00ebsht\u00eb i tij.<\/p>\n<p>&nbsp;<\/p>\n","protected":false},"excerpt":{"rendered":"<p>&nbsp; Dy nga tre italian\u00ebt e p\u00ebrfshir\u00eb n\u00eb skandalin e audio p\u00ebrgjimit se fonde ruse kan\u00eb financuar partin\u00eb Lidhja, me lider z\u00ebvend\u00ebs kryeminsitrin italian Matteo Salvini, do t\u00eb mbrohen nga avokati shqiptar n\u00eb Itali, Ersi Bozheku. Italian\u00ebt Gianluca Meranda me profesionin avokat e Francesco Vanucci, ekspert financiar, kan\u00eb qen\u00eb t\u00eb pranish\u00ebm n\u00eb takimin e zhvilluar [&hellip;]<\/p>\n","protected":false},"author":2013,"featured_media":100297,"comment_status":"open","ping_status":"closed","sticky":false,"template":"","format":"standard","meta":{"footnotes":""},"categories":[241,2],"tags":[],"class_list":{"0":"post-100296","1":"post","2":"type-post","3":"status-publish","4":"format-standard","5":"has-post-thumbnail","7":"category-aktualitet","8":"category-rajoni"},"_links":{"self":[{"href":"https:\/\/zjarr.tv\/sq\/wp-json\/wp\/v2\/posts\/100296","targetHints":{"allow":["GET"]}}],"collection":[{"href":"https:\/\/zjarr.tv\/sq\/wp-json\/wp\/v2\/posts"}],"about":[{"href":"https:\/\/zjarr.tv\/sq\/wp-json\/wp\/v2\/types\/post"}],"author":[{"embeddable":true,"href":"https:\/\/zjarr.tv\/sq\/wp-json\/wp\/v2\/users\/2013"}],"replies":[{"embeddable":true,"href":"https:\/\/zjarr.tv\/sq\/wp-json\/wp\/v2\/comments?post=100296"}],"version-history":[{"count":0,"href":"https:\/\/zjarr.tv\/sq\/wp-json\/wp\/v2\/posts\/100296\/revisions"}],"wp:featuredmedia":[{"embeddable":true,"href":"https:\/\/zjarr.tv\/sq\/wp-json\/wp\/v2\/media\/100297"}],"wp:attachment":[{"href":"https:\/\/zjarr.tv\/sq\/wp-json\/wp\/v2\/media?parent=100296"}],"wp:term":[{"taxonomy":"category","embeddable":true,"href":"https:\/\/zjarr.tv\/sq\/wp-json\/wp\/v2\/categories?post=100296"},{"taxonomy":"post_tag","embeddable":true,"href":"https:\/\/zjarr.tv\/sq\/wp-json\/wp\/v2\/tags?post=100296"}],"curies":[{"name":"wp","href":"https:\/\/api.w.org\/{rel}","templated":true}]}}