{"id":100299,"date":"2019-08-03T19:10:08","date_gmt":"2019-08-03T17:10:08","guid":{"rendered":"https:\/\/zjarr.tv\/?p=100299"},"modified":"2019-08-03T17:39:38","modified_gmt":"2019-08-03T15:39:38","slug":"palmer-krijimi-i-qeverise-sfida-e-tanishme-per-kosoven","status":"publish","type":"post","link":"https:\/\/zjarr.tv\/sq\/palmer-krijimi-i-qeverise-sfida-e-tanishme-per-kosoven\/","title":{"rendered":"Palmer: Krijimi i qeveris\u00eb, sfida e tanishme p\u00ebr Kosov\u00ebn"},"content":{"rendered":"<p>&nbsp;<\/p>\n<p>N\u00eb nj\u00eb intervist\u00eb p\u00ebr Z\u00ebrin e Amerik\u00ebs, Matthew Palmer, Z\u00ebvend\u00ebs Ndihm\u00ebs Sekretar i Shtetit p\u00ebr \u00e7\u00ebshtjet e Evrop\u00ebs dhe Euroazis\u00eb tha se sfida e tanishme e Kosov\u00ebs \u00ebsht\u00eb krijimi i nj\u00eb qeverie, e cila do ta kthente vendin n\u00eb dialogun me Serbin\u00eb dhe do t\u00eb pezullonte tarif\u00ebn ndaj mallrave serbe. Zoti Palmer theksoi se p\u00ebrcaktimi i parametrave t\u00eb negociatave \u00ebsht\u00eb p\u00ebrgjegj\u00ebsi e pal\u00ebve dhe se p\u00ebrq\u00ebndrimi vet\u00ebm te hartat dhe territoret zhvendos v\u00ebmendjen nga r\u00ebnd\u00ebsia e arritjes s\u00eb nj\u00eb marr\u00ebveshjeje gjithp\u00ebrfshir\u00ebse p\u00ebr normalizimin e plot\u00eb t\u00eb marr\u00ebdh\u00ebnieve mes Kosov\u00ebs dhe Serbis\u00eb. Me zotin Palmer bisedoi kolegia e sh\u00ebrbimit serb t\u00eb Z\u00ebrit t\u00eb Amerik\u00ebs, Jovana Djurovic.<\/p>\n<p><strong>Z\u00ebri i Amerik\u00ebs:<\/strong>\u00a0A besoni se pas dor\u00ebheqjes s\u00eb Kryeministrit t\u00eb Kosov\u00ebs Ramush Haradinaj, ekziston nj\u00eb rrug\u00eb e qart\u00eb p\u00ebr Kosov\u00ebn dhe Serbin\u00eb q\u00eb t\u00eb rifillojn\u00eb dialogun mes tyre?<\/p>\n<p><strong>Matthew Palmer:\u00a0<\/strong>Ne kemi shum\u00eb shpres\u00eb q\u00eb Beogradi dhe Prishtina mund t\u00eb gjejn\u00eb nj\u00eb rrug\u00eb p\u00ebr t\u2019u kthyer n\u00eb tryez\u00ebn e bisedimeve dhe pastaj t\u00eb gjejn\u00eb rrug\u00ebn p\u00ebr arritjen e nj\u00eb marr\u00ebveshjeje q\u00eb t\u00eb ket\u00eb mb\u00ebshtetje reciproke, q\u00eb t\u00eb rezultonte n\u00eb normalizimin e plot\u00eb t\u00eb marr\u00ebdh\u00ebnieve mes tyre. Dhe kjo do t\u00eb hapte rrug\u00ebn p\u00ebr nj\u00eb t\u00eb ardhme evropiane p\u00ebr t\u00eb dyja vendet, p\u00ebr Kosov\u00ebn dhe p\u00ebr Serbin\u00eb.<\/p>\n<p><strong>Z\u00ebri i Amerik\u00ebs:\u00a0<\/strong>A jan\u00eb shanset m\u00eb t\u00eb m\u00ebdha tani q\u00eb Haradinaj nuk \u00ebsht\u00eb m\u00eb Kryeminist\u00ebr?<\/p>\n<p><strong>Matthew Palmer:\u00a0<\/strong>Mendoj se ajo q\u00eb \u00ebsht\u00eb nevojshme tani \u00ebsht\u00eb krijimi i nj\u00eb qeverie n\u00eb Kosov\u00eb. Kjo \u00ebsht\u00eb sfida e menj\u00ebhershme. Ne duam q\u00eb Kosova t\u00eb filloj\u00eb p\u00ebrpjekjet p\u00ebr formimin e nj\u00eb qeverie sa m\u00eb shpejt q\u00eb t\u00eb jet\u00eb e mundur. Ne do t\u00eb d\u00ebshironim q\u00eb ajo qeveri pastaj t\u2019i kthehet sa m\u00eb shpejt dialogut, p\u00ebrfshir\u00eb pezullimin e tarif\u00ebs ndaj mallrave t\u00eb Serbis\u00eb dhe Bosnje Hercegovin\u00ebs. Ne shpresojm\u00eb q\u00eb kjo t\u00eb filloj\u00eb s\u00eb shpejti.<\/p>\n<p><strong>Z\u00ebri i Amerik\u00ebs:\u00a0<\/strong>Zoti Haradinaj ka qen\u00eb nj\u00eb nga kund\u00ebrshtar\u00ebt m\u00eb t\u00eb m\u00ebdhenj t\u00eb ides\u00eb s\u00eb shk\u00ebmbimit t\u00eb territoreve si nj\u00eb zgjidhje e mundshme. A mendoni se tani q\u00eb ai nuk \u00ebsht\u00eb m\u00eb Kryeminist\u00ebr ekziston nj\u00eb mund\u00ebsi m\u00eb e madhe p\u00ebr arritjen e nj\u00eb zgjidhje t\u00eb till\u00eb mes President\u00ebve Vu\u00e7i\u00e7 dhe Tha\u00e7i?<\/p>\n<p><strong>Matthew Palmer:\u00a0<\/strong>Ne tani jemi t\u00eb p\u00ebrq\u00ebndruar te rikthimi i pal\u00ebve n\u00eb tryez\u00ebn e bisedimeve. Me t\u2019u kthyer n\u00eb tryez\u00eb, sigurisht \u00ebsht\u00eb pastaj \u00e7\u00ebshtja se p\u00ebr \u00e7far\u00eb do t\u00eb negociojn\u00eb. Dhe i takon n\u00eb t\u00eb v\u00ebrtet\u00eb vet\u00eb pal\u00ebve t\u00eb p\u00ebrcaktojn\u00eb se cilat jan\u00eb parametrat e asaj q\u00eb do t\u00eb negociohet. Asnj\u00ebra nga pal\u00ebt nuk do t\u00eb detyrohet t\u00eb b\u00ebj\u00eb di\u00e7ka q\u00eb nuk mund ta b\u00ebj\u00eb. Por ne do t\u00eb d\u00ebshironim q\u00eb negociator\u00ebt t\u00eb negocionin me vullnet t\u00eb mir\u00eb p\u00ebr nj\u00eb marr\u00ebveshje q\u00eb mund t\u00eb \u00e7oj\u00eb n\u00eb njohje reciproke mes Serbis\u00eb dhe Kosov\u00ebs dhe n\u00eb nj\u00eb rrug\u00eb drejt Evrop\u00ebs. Shtetet e Bashkuara nuk do t\u00eb vendosin ose diktojn\u00eb se cila do t\u00eb jet\u00eb sfera e negociatave.<\/p>\n<p><strong>Z\u00ebri i Amerik\u00ebs:\u00a0<\/strong>Disa ekspert\u00eb n\u00eb Uashington, pretendojn\u00eb se ekziston nj\u00eb draft marr\u00ebveshje mes President\u00ebve Vu\u00e7i\u00e7 dhe Tha\u00e7i q\u00eb p\u00ebrfshin shk\u00ebmbimin e territoreve dhe kjo marr\u00ebveshje \u00ebsht\u00eb gati t\u2019i paraqitet publikut. A keni njohuri p\u00ebr k\u00ebt\u00eb?<\/p>\n<p><strong>Matthew Palmer:<\/strong>\u00a0N\u00ebse ekziston nj\u00eb draft marr\u00ebveshje, n\u00ebse ekziston nj\u00eb marr\u00ebveshje gjithp\u00ebrfshir\u00ebse q\u00eb \u00ebsht\u00eb gati p\u00ebr n\u00ebnshkrim, un\u00eb nuk e kam par\u00eb.<\/p>\n<p><strong>Z\u00ebri i Amerik\u00ebs:\u00a0<\/strong>A keni d\u00ebgjuar p\u00ebr k\u00ebt\u00eb?<\/p>\n<p><strong>Matthew Palmer:\u00a0<\/strong>Persona t\u00eb nj\u00ebjt\u00eb q\u00eb flasin me ju, flasin edhe me mua, duke m\u00eb th\u00ebn\u00eb t\u00eb nj\u00ebjt\u00ebn gj\u00eb. Un\u00eb mendoj se ende ka shum\u00eb gj\u00ebra p\u00ebr t\u00eb cilat duhet negociuar. K\u00ebshtu q\u00eb, rikthimi i pal\u00ebve n\u00eb tryez\u00ebn e bisedimeve \u00ebsht\u00eb hapi i par\u00eb.<\/p>\n<p><strong>Z\u00ebri i Amerik\u00ebs:\u00a0<\/strong>Por a ka ndonj\u00eb ide ose marr\u00ebveshje reciproke q\u00eb mund t\u00eb arrihet bazuar n\u00eb shk\u00ebmbimin e territoreve? A keni njohuri p\u00ebr k\u00ebt\u00eb?<\/p>\n<p><strong>Matthew Palmer:\u00a0<\/strong>Sigurisht q\u00eb pal\u00ebt kan\u00eb biseduar p\u00ebr nj\u00eb koh\u00eb t\u00eb gjat\u00eb se cilat jan\u00eb parametrat e nj\u00eb marr\u00ebveshjeje. Nuk e di se cilat jan\u00eb \u00e7\u00ebshtjet thelb\u00ebsore sa i p\u00ebrket territorit ose ndonj\u00eb komponenti t\u00eb ve\u00e7ant\u00eb t\u00eb k\u00ebsaj. \u00c7do marr\u00ebveshje q\u00eb do t\u00eb arrihet do t\u00eb jet\u00eb gjith\u00ebp\u00ebrfshir\u00ebse, do t\u00eb ket\u00eb komponente politike, t\u00eb siguris\u00eb, ekonomike, tregtare, kulturore, p\u00ebr shembull kur \u00ebsht\u00eb fjala p\u00ebr pron\u00ebn e kish\u00ebs ortodokse n\u00eb Kosov\u00eb. Pra, un\u00eb mendoj se p\u00ebrq\u00ebndrimi vet\u00ebm te hartta dhe territoret e zhvendos mjaft v\u00ebmendjen nga dometh\u00ebnia e v\u00ebrtet\u00eb e marr\u00ebveshjes gjithp\u00ebrfshir\u00ebse p\u00ebr normalizimin. P\u00ebrkufizimi i normalizimit \u00ebsht\u00eb p\u00ebrgjegj\u00ebsi e pal\u00ebve. Dhe ato mund ta b\u00ebjn\u00eb k\u00ebt\u00eb vet\u00ebm n\u00eb tryez\u00ebn e dialogut.\/ VOA<\/p>\n<p>&nbsp;<\/p>\n","protected":false},"excerpt":{"rendered":"<p>&nbsp; N\u00eb nj\u00eb intervist\u00eb p\u00ebr Z\u00ebrin e Amerik\u00ebs, Matthew Palmer, Z\u00ebvend\u00ebs Ndihm\u00ebs Sekretar i Shtetit p\u00ebr \u00e7\u00ebshtjet e Evrop\u00ebs dhe Euroazis\u00eb tha se sfida e tanishme e Kosov\u00ebs \u00ebsht\u00eb krijimi i nj\u00eb qeverie, e cila do ta kthente vendin n\u00eb dialogun me Serbin\u00eb dhe do t\u00eb pezullonte tarif\u00ebn ndaj mallrave serbe. Zoti Palmer theksoi se [&hellip;]<\/p>\n","protected":false},"author":2013,"featured_media":88020,"comment_status":"open","ping_status":"closed","sticky":false,"template":"","format":"standard","meta":{"footnotes":""},"categories":[241,2],"tags":[],"class_list":{"0":"post-100299","1":"post","2":"type-post","3":"status-publish","4":"format-standard","5":"has-post-thumbnail","7":"category-aktualitet","8":"category-rajoni"},"_links":{"self":[{"href":"https:\/\/zjarr.tv\/sq\/wp-json\/wp\/v2\/posts\/100299","targetHints":{"allow":["GET"]}}],"collection":[{"href":"https:\/\/zjarr.tv\/sq\/wp-json\/wp\/v2\/posts"}],"about":[{"href":"https:\/\/zjarr.tv\/sq\/wp-json\/wp\/v2\/types\/post"}],"author":[{"embeddable":true,"href":"https:\/\/zjarr.tv\/sq\/wp-json\/wp\/v2\/users\/2013"}],"replies":[{"embeddable":true,"href":"https:\/\/zjarr.tv\/sq\/wp-json\/wp\/v2\/comments?post=100299"}],"version-history":[{"count":0,"href":"https:\/\/zjarr.tv\/sq\/wp-json\/wp\/v2\/posts\/100299\/revisions"}],"wp:featuredmedia":[{"embeddable":true,"href":"https:\/\/zjarr.tv\/sq\/wp-json\/wp\/v2\/media\/88020"}],"wp:attachment":[{"href":"https:\/\/zjarr.tv\/sq\/wp-json\/wp\/v2\/media?parent=100299"}],"wp:term":[{"taxonomy":"category","embeddable":true,"href":"https:\/\/zjarr.tv\/sq\/wp-json\/wp\/v2\/categories?post=100299"},{"taxonomy":"post_tag","embeddable":true,"href":"https:\/\/zjarr.tv\/sq\/wp-json\/wp\/v2\/tags?post=100299"}],"curies":[{"name":"wp","href":"https:\/\/api.w.org\/{rel}","templated":true}]}}