{"id":100304,"date":"2019-08-03T19:30:28","date_gmt":"2019-08-03T17:30:28","guid":{"rendered":"https:\/\/zjarr.tv\/?p=100304"},"modified":"2019-08-03T17:56:51","modified_gmt":"2019-08-03T15:56:51","slug":"okb-jep-alarmin-per-isis-sulme-te-mundshme-terroriste-ne-2020","status":"publish","type":"post","link":"https:\/\/zjarr.tv\/sq\/okb-jep-alarmin-per-isis-sulme-te-mundshme-terroriste-ne-2020\/","title":{"rendered":"OKB jep alarmin p\u00ebr ISIS: Sulme t\u00eb mundshme terroriste n\u00eb 2020"},"content":{"rendered":"<p>&nbsp;<\/p>\n<p>Organizata e Kombeve t\u00eb Bashkuara paralajm\u00ebron nj\u00eb val\u00eb sulmesh terroriste brenda fundit t\u00eb vitit.<\/p>\n<p>N\u00eb nj\u00eb raport t\u00eb p\u00ebrpiluar nga K\u00ebshilli i Sigurimit, specialist\u00ebt theksojn\u00eb se l\u00ebvizjet ekstremiste islamiste vijojn\u00eb t\u00eb p\u00ebrb\u00ebjn\u00eb nj\u00eb k\u00ebrc\u00ebnim serioz n\u00eb bot\u00eb.<\/p>\n<p>Autor\u00ebt ngren\u00eb shqet\u00ebsimin p\u00ebr rreth 30 mij\u00eb luft\u00ebtar\u00eb q\u00eb nga viti 2004 i jan\u00eb bashkuar kalifatit t\u00eb ISIS, al-Kaed\u00ebs apo grupeve t\u00eb ngjashme.<\/p>\n<p>Mendohet se rreth 2 mij\u00eb ekstremist\u00eb kan\u00eb mundur t\u00eb rikthehen vet\u00ebm n\u00eb Europ\u00eb, ku po ndikojn\u00eb n\u00eb radikalizimin e personave t\u00eb varf\u00ebr, te t\u00eb burgosurit, t\u00eb p\u00ebrbuzurit ose t\u00eb n\u00ebnvler\u00ebsuarit nga shoq\u00ebria.<\/p>\n<p>N\u00eb raport p\u00ebrmendet edhe rasti i kthimit t\u00eb mbi 100 shqiptar\u00ebve t\u00eb Kosov\u00ebs nga Siria n\u00eb muajin prill, mes t\u00eb cil\u00ebve 32 gra dhe 74 f\u00ebmij\u00eb familjar\u00eb t\u00eb luft\u00ebra\u00ebve.<\/p>\n<p>Nd\u00ebrkoh\u00eb, m\u00ebsohet se nuk kan\u00eb qen\u00eb t\u00eb suksesshme programet e \u00e7radikalizimit t\u00eb personave q\u00eb jan\u00eb kapur teksa luftonin p\u00ebr grupet xhihadiste.<\/p>\n<p>Shum\u00eb prej tyre vuajn\u00eb d\u00ebnime t\u00eb gjata me burg dhe mbeten nj\u00eb rrezik p\u00ebr sistemin penal dhe t\u00ebr\u00eb shoq\u00ebrin\u00eb n\u00ebse lirohen.<\/p>\n<p>Edhe pse sulmet ekstremiste jan\u00eb pak\u00ebsuar q\u00eb nga vitet 2015 dhe 2016, kur n\u00eb vende si Franca, Belgjika dhe Gjermania u sh\u00ebnuan me qindra viktima, kontinenti i vjet\u00ebr mbetet i k\u00ebrc\u00ebnuar, sikurse Afrika Per\u00ebndimore.<\/p>\n<p>Sipas raportit t\u00eb OKB-s\u00eb, grupi ISIS ende mendohet se ka akses n\u00eb financa q\u00eb shkojn\u00eb deri n\u00eb 300 milion\u00eb dollar\u00eb, dhe po p\u00ebrdor propagand\u00ebn p\u00ebr ta ruajtur reputacionin e vet si nj\u00eb nga grupet terroriste kryesore t\u00eb bot\u00ebs.<\/p>\n<p>&nbsp;<\/p>\n","protected":false},"excerpt":{"rendered":"<p>&nbsp; Organizata e Kombeve t\u00eb Bashkuara paralajm\u00ebron nj\u00eb val\u00eb sulmesh terroriste brenda fundit t\u00eb vitit. N\u00eb nj\u00eb raport t\u00eb p\u00ebrpiluar nga K\u00ebshilli i Sigurimit, specialist\u00ebt theksojn\u00eb se l\u00ebvizjet ekstremiste islamiste vijojn\u00eb t\u00eb p\u00ebrb\u00ebjn\u00eb nj\u00eb k\u00ebrc\u00ebnim serioz n\u00eb bot\u00eb. Autor\u00ebt ngren\u00eb shqet\u00ebsimin p\u00ebr rreth 30 mij\u00eb luft\u00ebtar\u00eb q\u00eb nga viti 2004 i jan\u00eb bashkuar kalifatit t\u00eb [&hellip;]<\/p>\n","protected":false},"author":2013,"featured_media":100305,"comment_status":"open","ping_status":"closed","sticky":false,"template":"","format":"standard","meta":{"footnotes":""},"categories":[241,191],"tags":[],"class_list":{"0":"post-100304","1":"post","2":"type-post","3":"status-publish","4":"format-standard","5":"has-post-thumbnail","7":"category-aktualitet","8":"category-bota"},"_links":{"self":[{"href":"https:\/\/zjarr.tv\/sq\/wp-json\/wp\/v2\/posts\/100304","targetHints":{"allow":["GET"]}}],"collection":[{"href":"https:\/\/zjarr.tv\/sq\/wp-json\/wp\/v2\/posts"}],"about":[{"href":"https:\/\/zjarr.tv\/sq\/wp-json\/wp\/v2\/types\/post"}],"author":[{"embeddable":true,"href":"https:\/\/zjarr.tv\/sq\/wp-json\/wp\/v2\/users\/2013"}],"replies":[{"embeddable":true,"href":"https:\/\/zjarr.tv\/sq\/wp-json\/wp\/v2\/comments?post=100304"}],"version-history":[{"count":0,"href":"https:\/\/zjarr.tv\/sq\/wp-json\/wp\/v2\/posts\/100304\/revisions"}],"wp:featuredmedia":[{"embeddable":true,"href":"https:\/\/zjarr.tv\/sq\/wp-json\/wp\/v2\/media\/100305"}],"wp:attachment":[{"href":"https:\/\/zjarr.tv\/sq\/wp-json\/wp\/v2\/media?parent=100304"}],"wp:term":[{"taxonomy":"category","embeddable":true,"href":"https:\/\/zjarr.tv\/sq\/wp-json\/wp\/v2\/categories?post=100304"},{"taxonomy":"post_tag","embeddable":true,"href":"https:\/\/zjarr.tv\/sq\/wp-json\/wp\/v2\/tags?post=100304"}],"curies":[{"name":"wp","href":"https:\/\/api.w.org\/{rel}","templated":true}]}}