{"id":100312,"date":"2019-08-03T20:00:05","date_gmt":"2019-08-03T18:00:05","guid":{"rendered":"https:\/\/zjarr.tv\/?p=100312"},"modified":"2019-08-03T17:59:26","modified_gmt":"2019-08-03T15:59:26","slug":"britania-e-madhe-mund-te-perballet-me-nje-tronditje-ekonomike","status":"publish","type":"post","link":"https:\/\/zjarr.tv\/sq\/britania-e-madhe-mund-te-perballet-me-nje-tronditje-ekonomike\/","title":{"rendered":"Britania e Madhe mund t\u00eb p\u00ebrballet me nj\u00eb &#8220;tronditje ekonomike&#8221;"},"content":{"rendered":"<p>&nbsp;<\/p>\n<p>Nj\u00eb dalje pa marr\u00ebveshje nga Bashkimi Evropian, do t\u00eb rezultoj\u00eb me nj\u00eb tronditje t\u00eb menj\u00ebhershme p\u00ebr ekonomin\u00eb e Britanis\u00eb s\u00eb Madhe, ka paralajm\u00ebruar guvernatori i Bank\u00ebs s\u00eb Anglis\u00eb, Mark Carney.<\/p>\n<p>Produkte t\u00eb till\u00eb si benzina dhe ushqimi do t\u00eb b\u00ebhen m\u00eb t\u00eb shtrenjta, tha ai.<\/p>\n<p>Ai parashikoi q\u00eb vlera e monedh\u00ebs britanike do t\u00eb binte si pasoj\u00eb e asaj q\u00eb ai e p\u00ebrshkroi si nj\u00eb &#8220;shok t\u00eb v\u00ebrtet\u00eb ekonomik&#8221;.<\/p>\n<p>Banka e Anglis\u00eb ka th\u00ebn\u00eb se ekonomia pritet t\u00eb rritet me 1.3 p\u00ebrqind k\u00ebt\u00eb vit, shif\u00ebr kjo m\u00eb e ul\u00ebt, se parashikimi i saj i m\u00ebhersh\u00ebm prej 1.5 p\u00ebrqind, n\u00ebse Britania e Madhe largohet nga BE-ja me nj\u00eb marr\u00ebveshje.<\/p>\n<p>Banka nuk tha se \u00e7far\u00eb pritej t\u00eb ndodhte n\u00eb rastin e nj\u00eb Brexiti pa marr\u00ebveshje.<\/p>\n<p>Britania ka arritur marr\u00ebveshje me BE-n\u00eb mbi kushtet e divorcit n\u00ebntorin e kaluar, pas dy vjet\u00ebsh negociata.<\/p>\n<p>Por, ajo \u00ebsht\u00eb refuzuar tri her\u00eb nga Parlamenti britanik, kryesisht p\u00ebr shkak t\u00eb politikave n\u00eb kufirin me Irland\u00ebn Veriore, \u00e7far\u00eb ka \u00e7uar edhe n\u00eb dor\u00ebheqjen e Theresa May nga posti i kryeministres.<\/p>\n<p>Kryeministri i ri britanik, Boris Johnson, \u00ebsht\u00eb shprehur se vendi i tij, do t\u00eb dal\u00eb m\u00eb 31 tetor nga Bashkimi Evropian, me ose pa marr\u00ebveshje.<\/p>\n<p>Bashkimi Evropian, n\u00eb an\u00ebn tjet\u00ebr, ka th\u00ebn\u00eb se nuk \u00ebsht\u00eb i gatsh\u00ebm t\u00eb rinegocioj\u00eb marr\u00ebveshjen p\u00ebr Brexitin.\/REL\/<\/p>\n<p>&nbsp;<\/p>\n","protected":false},"excerpt":{"rendered":"<p>&nbsp; Nj\u00eb dalje pa marr\u00ebveshje nga Bashkimi Evropian, do t\u00eb rezultoj\u00eb me nj\u00eb tronditje t\u00eb menj\u00ebhershme p\u00ebr ekonomin\u00eb e Britanis\u00eb s\u00eb Madhe, ka paralajm\u00ebruar guvernatori i Bank\u00ebs s\u00eb Anglis\u00eb, Mark Carney. Produkte t\u00eb till\u00eb si benzina dhe ushqimi do t\u00eb b\u00ebhen m\u00eb t\u00eb shtrenjta, tha ai. Ai parashikoi q\u00eb vlera e monedh\u00ebs britanike do t\u00eb [&hellip;]<\/p>\n","protected":false},"author":2013,"featured_media":100313,"comment_status":"open","ping_status":"closed","sticky":false,"template":"","format":"standard","meta":{"footnotes":""},"categories":[241,191],"tags":[],"class_list":{"0":"post-100312","1":"post","2":"type-post","3":"status-publish","4":"format-standard","5":"has-post-thumbnail","7":"category-aktualitet","8":"category-bota"},"_links":{"self":[{"href":"https:\/\/zjarr.tv\/sq\/wp-json\/wp\/v2\/posts\/100312","targetHints":{"allow":["GET"]}}],"collection":[{"href":"https:\/\/zjarr.tv\/sq\/wp-json\/wp\/v2\/posts"}],"about":[{"href":"https:\/\/zjarr.tv\/sq\/wp-json\/wp\/v2\/types\/post"}],"author":[{"embeddable":true,"href":"https:\/\/zjarr.tv\/sq\/wp-json\/wp\/v2\/users\/2013"}],"replies":[{"embeddable":true,"href":"https:\/\/zjarr.tv\/sq\/wp-json\/wp\/v2\/comments?post=100312"}],"version-history":[{"count":0,"href":"https:\/\/zjarr.tv\/sq\/wp-json\/wp\/v2\/posts\/100312\/revisions"}],"wp:featuredmedia":[{"embeddable":true,"href":"https:\/\/zjarr.tv\/sq\/wp-json\/wp\/v2\/media\/100313"}],"wp:attachment":[{"href":"https:\/\/zjarr.tv\/sq\/wp-json\/wp\/v2\/media?parent=100312"}],"wp:term":[{"taxonomy":"category","embeddable":true,"href":"https:\/\/zjarr.tv\/sq\/wp-json\/wp\/v2\/categories?post=100312"},{"taxonomy":"post_tag","embeddable":true,"href":"https:\/\/zjarr.tv\/sq\/wp-json\/wp\/v2\/tags?post=100312"}],"curies":[{"name":"wp","href":"https:\/\/api.w.org\/{rel}","templated":true}]}}