{"id":100355,"date":"2019-08-03T18:13:33","date_gmt":"2019-08-03T16:13:33","guid":{"rendered":"https:\/\/zjarr.tv\/?p=100355"},"modified":"2019-08-03T18:13:33","modified_gmt":"2019-08-03T16:13:33","slug":"basha-pse-fshihet-hajduti-psiqik-pas-mashtrimeve","status":"publish","type":"post","link":"https:\/\/zjarr.tv\/sq\/basha-pse-fshihet-hajduti-psiqik-pas-mashtrimeve\/","title":{"rendered":"Basha: Pse fshihet hajduti psiqik pas mashtrimeve?"},"content":{"rendered":"<p>&nbsp;<\/p>\n<p>Kryetari i Partis\u00eb Demokratike, Lulzim Basha n\u00ebp\u00ebrmjet nj\u00eb postimi n\u00eb facebook, ka adresuar s\u00ebrish akuza ndaj kryeministrit Edi Rama.<\/p>\n<p>Basha e ka quajtur Ram\u00ebn nj\u00eb hajdut psiqik q\u00eb fshihet pas mashtrimeve p\u00ebr 6 kullat dhe q\u00eb em\u00ebron vet\u00ebm kamikaz\u00eb dhe sh\u00ebrb\u00ebtor\u00eb t\u00eb krimit n\u00eb pushtet.<\/p>\n<p><em>Postimi i Bash\u00ebs:\u00a0<\/em><\/p>\n<p><em>Pse hesht hajduti psiqik p\u00ebr bankomatin e tij personal?<\/em><\/p>\n<p><em>Pse fshihet p\u00ebrdit\u00eb pas mashtrimeve p\u00ebr 6 kullat 200 milion\u00eb euro dhe nuk belb\u00ebzon asnj\u00eb fjal\u00eb p\u00ebr Dakon?<\/em><\/p>\n<p><em>Pse ka em\u00ebruar e po em\u00ebron vet\u00ebm kamikaz\u00eb dhe sh\u00ebrb\u00ebtor\u00eb t\u00eb krimit dhe t\u00eb hajdut\u00ebve me pushtet n\u00eb prokurorin\u00eb dhe drejt\u00ebsin\u00eb e kapur?<\/em><\/p>\n<p><em>P\u00ebrgjigjet i gjeni vet\u00eb n\u00eb fjal\u00ebt e treshes<\/em><\/p>\n<p><em>Rama-Dako-Avdylaj:<\/em><\/p>\n<p>&nbsp;<\/p>\n","protected":false},"excerpt":{"rendered":"<p>&nbsp; Kryetari i Partis\u00eb Demokratike, Lulzim Basha n\u00ebp\u00ebrmjet nj\u00eb postimi n\u00eb facebook, ka adresuar s\u00ebrish akuza ndaj kryeministrit Edi Rama. Basha e ka quajtur Ram\u00ebn nj\u00eb hajdut psiqik q\u00eb fshihet pas mashtrimeve p\u00ebr 6 kullat dhe q\u00eb em\u00ebron vet\u00ebm kamikaz\u00eb dhe sh\u00ebrb\u00ebtor\u00eb t\u00eb krimit n\u00eb pushtet. Postimi i Bash\u00ebs:\u00a0 Pse hesht hajduti psiqik p\u00ebr bankomatin [&hellip;]<\/p>\n","protected":false},"author":2013,"featured_media":100356,"comment_status":"open","ping_status":"closed","sticky":false,"template":"","format":"standard","meta":{"footnotes":""},"categories":[241,235],"tags":[],"class_list":{"0":"post-100355","1":"post","2":"type-post","3":"status-publish","4":"format-standard","5":"has-post-thumbnail","7":"category-aktualitet","8":"category-vendi"},"_links":{"self":[{"href":"https:\/\/zjarr.tv\/sq\/wp-json\/wp\/v2\/posts\/100355","targetHints":{"allow":["GET"]}}],"collection":[{"href":"https:\/\/zjarr.tv\/sq\/wp-json\/wp\/v2\/posts"}],"about":[{"href":"https:\/\/zjarr.tv\/sq\/wp-json\/wp\/v2\/types\/post"}],"author":[{"embeddable":true,"href":"https:\/\/zjarr.tv\/sq\/wp-json\/wp\/v2\/users\/2013"}],"replies":[{"embeddable":true,"href":"https:\/\/zjarr.tv\/sq\/wp-json\/wp\/v2\/comments?post=100355"}],"version-history":[{"count":0,"href":"https:\/\/zjarr.tv\/sq\/wp-json\/wp\/v2\/posts\/100355\/revisions"}],"wp:featuredmedia":[{"embeddable":true,"href":"https:\/\/zjarr.tv\/sq\/wp-json\/wp\/v2\/media\/100356"}],"wp:attachment":[{"href":"https:\/\/zjarr.tv\/sq\/wp-json\/wp\/v2\/media?parent=100355"}],"wp:term":[{"taxonomy":"category","embeddable":true,"href":"https:\/\/zjarr.tv\/sq\/wp-json\/wp\/v2\/categories?post=100355"},{"taxonomy":"post_tag","embeddable":true,"href":"https:\/\/zjarr.tv\/sq\/wp-json\/wp\/v2\/tags?post=100355"}],"curies":[{"name":"wp","href":"https:\/\/api.w.org\/{rel}","templated":true}]}}