{"id":101098,"date":"2019-08-09T20:00:37","date_gmt":"2019-08-09T18:00:37","guid":{"rendered":"https:\/\/zjarr.tv\/?p=101098"},"modified":"2019-08-09T14:49:18","modified_gmt":"2019-08-09T12:49:18","slug":"korrupsioni-gjigant-vjen-reagimi-i-pare-i-ish-kryeprokurores-janeva","status":"publish","type":"post","link":"https:\/\/zjarr.tv\/sq\/korrupsioni-gjigant-vjen-reagimi-i-pare-i-ish-kryeprokurores-janeva\/","title":{"rendered":"Korrupsioni gjigant, vjen reagimi i par\u00eb i ish-kryeprokurores Janeva"},"content":{"rendered":"<p>Ish-prokurorja speciale Publike e Maqedonis\u00eb s\u00eb Veriut, Katica Janeva, e cila u dor\u00ebhoq pas zbulimit t\u00eb super-skandalit \u201cReket\u201d, ka reaguar ndaj materialeve t\u00eb reja t\u00eb publikuara nga e p\u00ebrditshmja italiane \u201cLa Verita\u201d sot n\u00eb m\u00ebngjes, ku pretendohet q\u00eb d\u00ebgjohet z\u00ebri i saj duke biseduar me biznesmenin Orce Kam\u00e7ev.<\/p>\n<p>Janeva thot\u00eb se ajo ka biseduar me Kam\u00e7evin n\u00eb cil\u00ebsin\u00eb e prokurores dhe se e gjith\u00eb kjo \u00ebsht\u00eb realizuar p\u00ebr t\u00eb nxjerr\u00eb sa m\u00eb shum\u00eb informacione dhe se ka qen\u00eb pjes\u00eb e hetimit t\u00eb m\u00ebtejsh\u00ebm.<\/p>\n<p>\u201cI kam d\u00ebgjuar incizimet e postuara n\u00eb portale q\u00eb kan\u00eb lidhje me rastin \u201cReket\u201d. Jam e habitur se si veprimet e mia si prokurore speciale vihen n\u00eb korrelacion me rastin \u201cReket\u201d. Si prokurore speciale \u00ebsht\u00eb detyra ime t\u00eb kontaktoj me t\u00eb gjith\u00eb t\u00eb dyshuarit, si dhe personat e tjer\u00eb lidhur me procedurat penale n\u00eb k\u00ebt\u00eb Prokurori Publike dhe t\u00eb p\u00ebrpiqem t\u00eb nxjerr sa m\u00eb shum\u00eb informacione p\u00ebr t\u00eb p\u00ebrmir\u00ebsuar pozicionin p\u00ebr secilin hetim \/ p\u00ebr \u00e7do rast individualisht.<\/p>\n<p>Kam folur p\u00ebr rritjen e nivelit t\u00eb bashk\u00ebpunimit me t\u00eb dyshuarit, p\u00ebr t\u00eb zbuluar informacione t\u00eb rja n\u00eb lidhje me hetimin, m\u00eb sakt\u00eb, p\u00ebrmir\u00ebsimin e pozicioneve tona si prokuror\u00eb publik, por n\u00eb asnj\u00eb m\u00ebnyr\u00eb, n\u00eb asnj\u00eb koh\u00eb, nuk kam b\u00ebr\u00eb pazar p\u00ebr ndonj\u00eb ndikim, nuk kam abuzuar me pozit\u00ebn time zyr\u00ebtare dhe nuk kam vepruar n\u00eb kund\u00ebrshtim me ligjin. Nj\u00eb prokuror \u00ebsht\u00eb gjithmon\u00eb nj\u00eb prokuror, edhe kur bisedon me t\u00eb dyshuarit p\u00ebrmes telefonit, nd\u00ebrsa p\u00ebr k\u00ebt\u00eb rast n\u00eb at\u00eb koh\u00eb kishte arsyetim\u201d, shkruan mes tjerash Janeva.<\/p>\n","protected":false},"excerpt":{"rendered":"<p>Ish-prokurorja speciale Publike e Maqedonis\u00eb s\u00eb Veriut, Katica Janeva, e cila u dor\u00ebhoq pas zbulimit t\u00eb super-skandalit \u201cReket\u201d, ka reaguar ndaj materialeve t\u00eb reja t\u00eb publikuara nga e p\u00ebrditshmja italiane \u201cLa Verita\u201d sot n\u00eb m\u00ebngjes, ku pretendohet q\u00eb d\u00ebgjohet z\u00ebri i saj duke biseduar me biznesmenin Orce Kam\u00e7ev. Janeva thot\u00eb se ajo ka biseduar me [&hellip;]<\/p>\n","protected":false},"author":4,"featured_media":101099,"comment_status":"open","ping_status":"closed","sticky":false,"template":"","format":"standard","meta":{"footnotes":""},"categories":[241,231,2,235],"tags":[],"class_list":{"0":"post-101098","1":"post","2":"type-post","3":"status-publish","4":"format-standard","5":"has-post-thumbnail","7":"category-aktualitet","8":"category-lajme","9":"category-rajoni","10":"category-vendi"},"_links":{"self":[{"href":"https:\/\/zjarr.tv\/sq\/wp-json\/wp\/v2\/posts\/101098","targetHints":{"allow":["GET"]}}],"collection":[{"href":"https:\/\/zjarr.tv\/sq\/wp-json\/wp\/v2\/posts"}],"about":[{"href":"https:\/\/zjarr.tv\/sq\/wp-json\/wp\/v2\/types\/post"}],"author":[{"embeddable":true,"href":"https:\/\/zjarr.tv\/sq\/wp-json\/wp\/v2\/users\/4"}],"replies":[{"embeddable":true,"href":"https:\/\/zjarr.tv\/sq\/wp-json\/wp\/v2\/comments?post=101098"}],"version-history":[{"count":0,"href":"https:\/\/zjarr.tv\/sq\/wp-json\/wp\/v2\/posts\/101098\/revisions"}],"wp:featuredmedia":[{"embeddable":true,"href":"https:\/\/zjarr.tv\/sq\/wp-json\/wp\/v2\/media\/101099"}],"wp:attachment":[{"href":"https:\/\/zjarr.tv\/sq\/wp-json\/wp\/v2\/media?parent=101098"}],"wp:term":[{"taxonomy":"category","embeddable":true,"href":"https:\/\/zjarr.tv\/sq\/wp-json\/wp\/v2\/categories?post=101098"},{"taxonomy":"post_tag","embeddable":true,"href":"https:\/\/zjarr.tv\/sq\/wp-json\/wp\/v2\/tags?post=101098"}],"curies":[{"name":"wp","href":"https:\/\/api.w.org\/{rel}","templated":true}]}}