{"id":101125,"date":"2019-08-10T10:38:29","date_gmt":"2019-08-10T08:38:29","guid":{"rendered":"https:\/\/zjarr.tv\/?p=101125"},"modified":"2019-08-10T10:38:29","modified_gmt":"2019-08-10T08:38:29","slug":"shqiponja-e-zeze-mbi-gjarprin-historia-e-1750-flamujve-shqiptare","status":"publish","type":"post","link":"https:\/\/zjarr.tv\/sq\/shqiponja-e-zeze-mbi-gjarprin-historia-e-1750-flamujve-shqiptare\/","title":{"rendered":"Shqiponja e zez\u00eb mbi gjarprin, historia e 1750 flamujve shqiptar\u00eb"},"content":{"rendered":"<p>\u201cLe Rappel\u201d ka botuar, t\u00eb enjten e 25 dhjetorit 1903, n\u00eb faqen n\u00b02, nj\u00eb shkrim n\u00eb lidhje me prodhimin dhe p\u00ebrdorimin asokohe t\u00eb 1750 flamujve shqiptar\u00eb, t\u00eb cilin, Aurenc Bebja, n\u00ebp\u00ebrmjet Blogut \u201cDars (Klos), Mat-Albania\u201d, e ka sjell\u00eb p\u00ebr publikun shqiptar:<\/p>\n<p><a href=\"https:\/\/zjarr.tv\/wp-content\/uploads\/2019\/08\/image-1-414x350.jpg\"><img loading=\"lazy\" decoding=\"async\" class=\"alignnone size-full wp-image-101126\" src=\"https:\/\/zjarr.tv\/wp-content\/uploads\/2019\/08\/image-1-414x350.jpg\" alt=\"\" width=\"414\" height=\"350\" srcset=\"https:\/\/zjarr.tv\/wp-content\/uploads\/2019\/08\/image-1-414x350.jpg 414w, https:\/\/zjarr.tv\/wp-content\/uploads\/2019\/08\/image-1-414x350-300x254.jpg 300w\" sizes=\"auto, (max-width: 414px) 100vw, 414px\" \/><\/a><\/p>\n<p><strong>Flamuri shqiptar<\/strong><em><br \/>\n(Nga korrespondenti yn\u00eb i ve\u00e7ant\u00eb)<br \/>\nAthin\u00eb, 23 dhjetor.<br \/>\n<\/em><\/p>\n<p><em>Flamuri shqiptar, q\u00eb do t\u00eb valvitet n\u00eb kryengritjen e ardhshme t\u00eb p\u00ebrgjithshme n\u00eb Shqip\u00ebri, \u00ebsht\u00eb gati.<br \/>\n\u00cbsht\u00eb nj\u00eb rikonstitucion i flamurit t\u00eb shefit t\u00eb famsh\u00ebm Sk\u00ebnderbe. N\u00eb nj\u00eb sfond t\u00eb kuq, ai ka imazhin e nj\u00eb shqiponje t\u00eb zez\u00eb q\u00eb fluturon mbi nj\u00eb gjarp\u00ebr t\u00eb gjelb\u00ebr.<br \/>\nSi simbol i bashkimit t\u00eb t\u00eb gjitha fiseve, pa asnj\u00eb dallim, \u00ebsht\u00eb vendosur n\u00eb bosht nj\u00eb kryq dhe nj\u00eb h\u00ebn\u00eb.<br \/>\n1,750 flamuj jan\u00eb shp\u00ebrndar\u00eb n\u00eb mesin e korit t\u00eb vullnetar\u00ebve.<br \/>\nNj\u00eb komitet ekzekutiv u formua prej pes\u00eb an\u00ebtar\u00ebsh me misionin e drejtimit t\u00eb operacioneve t\u00eb kryengrit\u00ebsve shqiptar\u00ebve.\/Darsiani.com<\/em><\/p>\n","protected":false},"excerpt":{"rendered":"<p>\u201cLe Rappel\u201d ka botuar, t\u00eb enjten e 25 dhjetorit 1903, n\u00eb faqen n\u00b02, nj\u00eb shkrim n\u00eb lidhje me prodhimin dhe p\u00ebrdorimin asokohe t\u00eb 1750 flamujve shqiptar\u00eb, t\u00eb cilin, Aurenc Bebja, n\u00ebp\u00ebrmjet Blogut \u201cDars (Klos), Mat-Albania\u201d, e ka sjell\u00eb p\u00ebr publikun shqiptar: Flamuri shqiptar (Nga korrespondenti yn\u00eb i ve\u00e7ant\u00eb) Athin\u00eb, 23 dhjetor. Flamuri shqiptar, q\u00eb do [&hellip;]<\/p>\n","protected":false},"author":4,"featured_media":101127,"comment_status":"open","ping_status":"closed","sticky":false,"template":"","format":"standard","meta":{"footnotes":""},"categories":[241,231,235],"tags":[],"class_list":{"0":"post-101125","1":"post","2":"type-post","3":"status-publish","4":"format-standard","5":"has-post-thumbnail","7":"category-aktualitet","8":"category-lajme","9":"category-vendi"},"_links":{"self":[{"href":"https:\/\/zjarr.tv\/sq\/wp-json\/wp\/v2\/posts\/101125","targetHints":{"allow":["GET"]}}],"collection":[{"href":"https:\/\/zjarr.tv\/sq\/wp-json\/wp\/v2\/posts"}],"about":[{"href":"https:\/\/zjarr.tv\/sq\/wp-json\/wp\/v2\/types\/post"}],"author":[{"embeddable":true,"href":"https:\/\/zjarr.tv\/sq\/wp-json\/wp\/v2\/users\/4"}],"replies":[{"embeddable":true,"href":"https:\/\/zjarr.tv\/sq\/wp-json\/wp\/v2\/comments?post=101125"}],"version-history":[{"count":0,"href":"https:\/\/zjarr.tv\/sq\/wp-json\/wp\/v2\/posts\/101125\/revisions"}],"wp:featuredmedia":[{"embeddable":true,"href":"https:\/\/zjarr.tv\/sq\/wp-json\/wp\/v2\/media\/101127"}],"wp:attachment":[{"href":"https:\/\/zjarr.tv\/sq\/wp-json\/wp\/v2\/media?parent=101125"}],"wp:term":[{"taxonomy":"category","embeddable":true,"href":"https:\/\/zjarr.tv\/sq\/wp-json\/wp\/v2\/categories?post=101125"},{"taxonomy":"post_tag","embeddable":true,"href":"https:\/\/zjarr.tv\/sq\/wp-json\/wp\/v2\/tags?post=101125"}],"curies":[{"name":"wp","href":"https:\/\/api.w.org\/{rel}","templated":true}]}}