{"id":101132,"date":"2019-08-10T10:50:55","date_gmt":"2019-08-10T08:50:55","guid":{"rendered":"https:\/\/zjarr.tv\/?p=101132"},"modified":"2019-08-10T10:50:55","modified_gmt":"2019-08-10T08:50:55","slug":"alarmohen-banoret-ne-kurbin-gjendet-nje-trup-i-pajete","status":"publish","type":"post","link":"https:\/\/zjarr.tv\/sq\/alarmohen-banoret-ne-kurbin-gjendet-nje-trup-i-pajete\/","title":{"rendered":"Alarmohen banor\u00ebt n\u00eb Kurbin, gjendet nj\u00eb trup i pajet\u00eb"},"content":{"rendered":"<p>Nj\u00eb trup i pajet\u00eb \u00ebsht\u00eb gjetur m\u00ebngjesin e sot\u00ebm n\u00eb fshatin Skuraj. Kan\u00eb qen\u00eb banor\u00ebt ata q\u00eb kan\u00eb v\u00ebn\u00eb re kufom\u00ebn n\u00eb lumin q\u00eb kalon n\u00eb Skuraj dhe menj\u00ebher\u00eb kan\u00eb njoftuar policin\u00eb.<\/p>\n<p>Forcat e Policis\u00eb s\u00eb Kurbinit kan\u00eb shkuar n\u00eb vendin e ngjarjes dhe kan\u00eb transportuar trupin e pajet\u00eb n\u00eb morg nd\u00ebrsa kan\u00eb nisur hetimet.<\/p>\n<p>Sipas policis\u00eb, viktima \u00ebsht\u00eb shtetasi Luigj Gjeloshi dhe nga k\u00ebqyrja paraprake dyshohet se \u00ebsht\u00eb mbytur n\u00eb lumin Mat. Grupi hetimor po vijon veprimet p\u00ebr zbardhjen e plot\u00eb t\u00eb rrethanave t\u00eb k\u00ebsaj ngjarje.<\/p>\n","protected":false},"excerpt":{"rendered":"<p>Nj\u00eb trup i pajet\u00eb \u00ebsht\u00eb gjetur m\u00ebngjesin e sot\u00ebm n\u00eb fshatin Skuraj. Kan\u00eb qen\u00eb banor\u00ebt ata q\u00eb kan\u00eb v\u00ebn\u00eb re kufom\u00ebn n\u00eb lumin q\u00eb kalon n\u00eb Skuraj dhe menj\u00ebher\u00eb kan\u00eb njoftuar policin\u00eb. Forcat e Policis\u00eb s\u00eb Kurbinit kan\u00eb shkuar n\u00eb vendin e ngjarjes dhe kan\u00eb transportuar trupin e pajet\u00eb n\u00eb morg nd\u00ebrsa kan\u00eb nisur hetimet. [&hellip;]<\/p>\n","protected":false},"author":4,"featured_media":101133,"comment_status":"open","ping_status":"closed","sticky":false,"template":"","format":"standard","meta":{"footnotes":""},"categories":[241,231,235],"tags":[],"class_list":{"0":"post-101132","1":"post","2":"type-post","3":"status-publish","4":"format-standard","5":"has-post-thumbnail","7":"category-aktualitet","8":"category-lajme","9":"category-vendi"},"_links":{"self":[{"href":"https:\/\/zjarr.tv\/sq\/wp-json\/wp\/v2\/posts\/101132","targetHints":{"allow":["GET"]}}],"collection":[{"href":"https:\/\/zjarr.tv\/sq\/wp-json\/wp\/v2\/posts"}],"about":[{"href":"https:\/\/zjarr.tv\/sq\/wp-json\/wp\/v2\/types\/post"}],"author":[{"embeddable":true,"href":"https:\/\/zjarr.tv\/sq\/wp-json\/wp\/v2\/users\/4"}],"replies":[{"embeddable":true,"href":"https:\/\/zjarr.tv\/sq\/wp-json\/wp\/v2\/comments?post=101132"}],"version-history":[{"count":0,"href":"https:\/\/zjarr.tv\/sq\/wp-json\/wp\/v2\/posts\/101132\/revisions"}],"wp:featuredmedia":[{"embeddable":true,"href":"https:\/\/zjarr.tv\/sq\/wp-json\/wp\/v2\/media\/101133"}],"wp:attachment":[{"href":"https:\/\/zjarr.tv\/sq\/wp-json\/wp\/v2\/media?parent=101132"}],"wp:term":[{"taxonomy":"category","embeddable":true,"href":"https:\/\/zjarr.tv\/sq\/wp-json\/wp\/v2\/categories?post=101132"},{"taxonomy":"post_tag","embeddable":true,"href":"https:\/\/zjarr.tv\/sq\/wp-json\/wp\/v2\/tags?post=101132"}],"curies":[{"name":"wp","href":"https:\/\/api.w.org\/{rel}","templated":true}]}}