{"id":101144,"date":"2019-08-10T11:02:05","date_gmt":"2019-08-10T09:02:05","guid":{"rendered":"https:\/\/zjarr.tv\/?p=101144"},"modified":"2019-08-10T11:02:05","modified_gmt":"2019-08-10T09:02:05","slug":"sulmohet-me-lende-plasese-banesa-e-ish-policit-ne-lezhe","status":"publish","type":"post","link":"https:\/\/zjarr.tv\/sq\/sulmohet-me-lende-plasese-banesa-e-ish-policit-ne-lezhe\/","title":{"rendered":"Sulmohet me l\u00ebnd\u00eb plas\u00ebse banesa e ish-policit n\u00eb Lezh\u00eb"},"content":{"rendered":"<p>Persona t\u00eb paidentifkuar kan\u00eb sulmuar me l\u00ebnd\u00eb plas\u00ebse nj\u00eb banes\u00eb n\u00eb fshatin Spit\u00ebn t\u00eb Lezh\u00ebs.<\/p>\n<p>Ngjarja ka ndodhur rreth or\u00ebs 2 t\u00eb m\u00ebngjesit t\u00eb s\u00eb premtes (9 gusht), nd\u00ebrsa banesa q\u00eb u sulmua \u00ebsht\u00eb n\u00eb pron\u00ebsi t\u00eb Tonin Kolthit, ish-efektiv policie n\u00eb Lezh\u00eb.<\/p>\n<p>Sipas t\u00eb dh\u00ebnave, l\u00ebnda plas\u00ebse \u00ebsht\u00eb hedhur n\u00eb oborrin e sht\u00ebpis\u00eb s\u00eb familjes Kolthi, nd\u00ebrsa fatmir\u00ebsisht nuk ka patur persona t\u00eb l\u00ebnduar, por vet\u00ebm d\u00ebme t\u00eb vogla materiale.<\/p>\n<p>N\u00eb momentin e ngjarjes an\u00ebtaret e familjes Kolthi kan\u00eb qen\u00eb brenda banes\u00ebs dhe kur kan\u00eb d\u00ebgjuar zhurm\u00ebn kan\u00eb dal\u00eb jasht\u00eb dhe kan\u00eb njoftuar menj\u00ebher\u00eb policin\u00eb.<\/p>\n<p>Blut\u00eb nis\u00ebn menj\u00ebher\u00eb hetimet n\u00eb lidhje me rastin, nd\u00ebrsa n\u00eb cil\u00ebsin\u00eb e prov\u00ebs materiale jan\u00eb sekuestruar kamerat e siguris\u00eb s\u00eb banes\u00ebs.<\/p>\n<p>N\u00eb kamera duket nj\u00eb automjet q\u00eb ka ndaluar para port\u00ebs s\u00eb sht\u00ebpis\u00eb dhe nj\u00eb person i maskuar ka hedhur l\u00ebnd\u00ebn plas\u00ebse dhe m\u00eb pas \u00ebsht\u00eb larguar.<\/p>\n<p>Gjat\u00eb largimit n\u00eb drejtim t\u00eb Milotit ata kan\u00eb q\u00eblluar disa her\u00eb me bresh\u00ebri automatiku n\u00eb aj\u00ebr, duke shkaktuar panik n\u00eb t\u00eb gjith\u00eb fshatin.<\/p>\n<p>Nd\u00ebrkoh\u00eb n\u00eb cil\u00ebsin\u00eb e prov\u00ebs materiale policia ka sekuestruar nj\u00eb fitil zjarrp\u00ebrcjelles dhe disa g\u00ebzhoja automatiku t\u00eb gjetura n\u00eb zon\u00ebn p\u00ebrreth.<\/p>\n<p>Ekspert\u00ebt e policis\u00eb po analizojn\u00eb fitilin p\u00ebr t\u00eb p\u00ebrcaktuar dhe sasin\u00eb dhe llojin e l\u00ebnd\u00ebs plas\u00ebse q\u00eb \u00ebsht\u00eb p\u00ebrdorur.<\/p>\n<p>Nga ana tjet\u00ebr ish-polici q\u00eb ishte n\u00eb sh\u00ebnjest\u00ebr t\u00eb sulmit Tonin Kolthi thot\u00eb se nuk ka konflikte, teksa ngjarjen e lidh me politik\u00ebn duke qen\u00eb se \u00ebsht\u00eb simpatizant i Partis\u00eb Demokratike.<\/p>\n<p>Tonin Kolthi ka qen\u00eb p\u00ebr 10 vite pjes\u00eb e strukturave t\u00eb policis\u00eb s\u00eb shtetit dhe nga kjo detyr\u00eb u lirua n\u00eb vitin 2013-t\u00eb.<\/p>\n<p>Me 2 maj t\u00eb vitit 2016-t\u00eb, Kolthit \u00ebsht\u00eb djegur dhe makina t\u00eb cil\u00ebn e ka patur t\u00eb parkuar n\u00eb oborrin e sht\u00ebpis\u00eb.<\/p>\n","protected":false},"excerpt":{"rendered":"<p>Persona t\u00eb paidentifkuar kan\u00eb sulmuar me l\u00ebnd\u00eb plas\u00ebse nj\u00eb banes\u00eb n\u00eb fshatin Spit\u00ebn t\u00eb Lezh\u00ebs. Ngjarja ka ndodhur rreth or\u00ebs 2 t\u00eb m\u00ebngjesit t\u00eb s\u00eb premtes (9 gusht), nd\u00ebrsa banesa q\u00eb u sulmua \u00ebsht\u00eb n\u00eb pron\u00ebsi t\u00eb Tonin Kolthit, ish-efektiv policie n\u00eb Lezh\u00eb. Sipas t\u00eb dh\u00ebnave, l\u00ebnda plas\u00ebse \u00ebsht\u00eb hedhur n\u00eb oborrin e sht\u00ebpis\u00eb s\u00eb [&hellip;]<\/p>\n","protected":false},"author":4,"featured_media":101145,"comment_status":"open","ping_status":"closed","sticky":false,"template":"","format":"standard","meta":{"footnotes":""},"categories":[241,231,235],"tags":[],"class_list":{"0":"post-101144","1":"post","2":"type-post","3":"status-publish","4":"format-standard","5":"has-post-thumbnail","7":"category-aktualitet","8":"category-lajme","9":"category-vendi"},"_links":{"self":[{"href":"https:\/\/zjarr.tv\/sq\/wp-json\/wp\/v2\/posts\/101144","targetHints":{"allow":["GET"]}}],"collection":[{"href":"https:\/\/zjarr.tv\/sq\/wp-json\/wp\/v2\/posts"}],"about":[{"href":"https:\/\/zjarr.tv\/sq\/wp-json\/wp\/v2\/types\/post"}],"author":[{"embeddable":true,"href":"https:\/\/zjarr.tv\/sq\/wp-json\/wp\/v2\/users\/4"}],"replies":[{"embeddable":true,"href":"https:\/\/zjarr.tv\/sq\/wp-json\/wp\/v2\/comments?post=101144"}],"version-history":[{"count":0,"href":"https:\/\/zjarr.tv\/sq\/wp-json\/wp\/v2\/posts\/101144\/revisions"}],"wp:featuredmedia":[{"embeddable":true,"href":"https:\/\/zjarr.tv\/sq\/wp-json\/wp\/v2\/media\/101145"}],"wp:attachment":[{"href":"https:\/\/zjarr.tv\/sq\/wp-json\/wp\/v2\/media?parent=101144"}],"wp:term":[{"taxonomy":"category","embeddable":true,"href":"https:\/\/zjarr.tv\/sq\/wp-json\/wp\/v2\/categories?post=101144"},{"taxonomy":"post_tag","embeddable":true,"href":"https:\/\/zjarr.tv\/sq\/wp-json\/wp\/v2\/tags?post=101144"}],"curies":[{"name":"wp","href":"https:\/\/api.w.org\/{rel}","templated":true}]}}