{"id":101154,"date":"2019-08-10T12:07:38","date_gmt":"2019-08-10T10:07:38","guid":{"rendered":"https:\/\/zjarr.tv\/?p=101154"},"modified":"2019-08-10T12:07:38","modified_gmt":"2019-08-10T10:07:38","slug":"skemi-kryer-asnje-shkelje-reagon-pronari-i-gega-oil-jemi-me-pushime","status":"publish","type":"post","link":"https:\/\/zjarr.tv\/sq\/skemi-kryer-asnje-shkelje-reagon-pronari-i-gega-oil-jemi-me-pushime\/","title":{"rendered":"\u201cS\u2019kemi kryer asnj\u00eb shkelje\u201d, reagon pronari i \u201cGega oil\u201d: Jemi me pushime"},"content":{"rendered":"<p>Administratori i \u201cGega oil\u201d Paulin Gega ka reaguar p\u00ebr News24 pas lajmit p\u00ebr bllokimin e tregtimit t\u00eb karburanteve dhe shpalljen n\u00eb k\u00ebrkim nga policia p\u00ebr disa vepra penale, nd\u00ebr t\u00eb tjera fshehje e t\u00eb ardhurave.<\/p>\n<p>Gega mohon akuzat dhe thot\u00eb se kompania nuk ka kryer asnj\u00eb shkelje apo kundravajtje penale as n\u00eb aspektin evaziv apo t\u00eb t\u00eb ashtuquajtur\u00ebs \u2018Fshehje e t\u00eb ardhurave apo t\u00eb pasuris\u00eb\u2019.<\/p>\n<p>Gjithashtu ai deklaron se aktiviteti i firm\u00ebs vazhdon pa nd\u00ebrprerje n\u00eb t\u00eb gjith\u00eb Shqip\u00ebrin\u00eb dhe se\u00a0Genklaudis sha \u00ebsht\u00eb nj\u00eb nd\u00ebr 10 tatimpaguesit m\u00eb t\u00eb m\u00ebdhenj n\u00eb Shqip\u00ebri, me mbi 83 stacione shitjetje n\u00eb t\u00eb gjith\u00eb vendin dhe me mbi 500 punonj\u00ebs, e gatshme p\u00ebr t\u00eb v\u00ebn\u00eb n\u00eb dispozicion \u00e7do dokumentacion kundrejt \u00e7do institucionin shtet\u00ebror dhe ligjor dhe t\u00eb p\u00ebrgjigjet deri n\u00eb shkall\u00ebn m\u00eb t\u00eb lart\u00eb t\u00eb drejt\u00ebsis\u00eb.<\/p>\n<p><strong>REAGIMI I PLOT\u00cb<\/strong><br \/>\nJemi nisur p\u00ebr pushime verore n\u00eb Greqi, m\u00eb dat\u00eb 09.08,2019, pushime t\u00eb cilat jan\u00eb rezervuar rreth dy muaj m\u00eb par\u00eb t\u00eb nj\u00eb agjenci turistike n\u00eb rrug\u00ebn Fortuzi, Tiran\u00eb, ku dhe mund ta verifikoni fare leht\u00ebsisht.<\/p>\n<p>Sot nd\u00ebrkoh\u00eb jemi njoftuar n\u00eb m\u00ebnyr\u00eb indirekte pas lajmeve q\u00eb kishin shp\u00ebrthyer n\u00ebp\u00ebr portale e gazeta t\u00eb ndryshme, ku pretendohej se administratori i kompanis\u00eb Genklaudis sha, ishte larguar q\u00ebllimisht p\u00ebr t\u2019iu shmangur p\u00ebrballjeve ligjore.<br \/>\nNe mund t\u2019ju konfirmojm\u00eb q\u00eb n\u00eb nj\u00ebr\u00ebn nga magazinat tona fiskale t\u00eb shitjes me shumic\u00eb, q\u00eb ndodhet n\u00eb Vrin\u00eb, Durr\u00ebs, \u00ebsht\u00eb ushtuar nj\u00eb kontroll para dy dit\u00ebsh, ku ka pasur nj\u00eb nd\u00ebrprerje t\u00eb aktivitetit vet\u00ebm p\u00ebr disa or\u00eb, me pretendimin se kasat e shitjes ishin t\u00eb vendosura n\u00eb regjim manual, pavar\u00ebsisht se ne posedojm\u00eb certifikat\u00ebn e kalibrimit t\u00eb regjimit automatik, e l\u00ebshuar sipas ligjeve n\u00eb fuqi nga firma certifikuese e fiskalizimeve A.E Distribution shpk n\u00eb vitin 2012!<br \/>\nMbas verifikimeve nga organet kompetente, u b\u00eb zhbllokimi i k\u00ebtij stacioni shitjeje dhe aktiviteti ka vazhduar normalisht.<br \/>\nPra, kompania jon\u00eb nuk ka kryer asnj\u00eb shkelje apo kundravajtje penale as n\u00eb aspektin evaziv apo t\u00eb t\u00eb ashtuquajtur\u00ebs \u2018Fshehje e t\u00eb ardhurave apo t\u00eb pasuris\u00eb\u2019.<br \/>\nGjithashtu ju komunikojm\u00eb me p\u00ebrgjegj\u00ebsi t\u00eb plot\u00eb morale dhe korporative q\u00eb aktiviteti i firm\u00ebs ton\u00eb vazhdon pa nd\u00ebrprerje n\u00eb t\u00eb gjith\u00eb Shqip\u00ebrin\u00eb.<br \/>\nKompania Genklaudis sha \u00ebsht\u00eb nj\u00eb nd\u00ebr 10 tatimpaguesit m\u00eb t\u00eb m\u00ebdhenj n\u00eb Shqip\u00ebri, me mbi 83 stacione shitjetje n\u00eb t\u00eb gjith\u00eb vendin dhe me mbi 500 punonj\u00ebs, e gatshme p\u00ebr t\u00eb v\u00ebn\u00eb n\u00eb dispozicion \u00e7do dokumentacion kundrejt \u00e7do institucionin shtet\u00ebror dhe ligjor dhe t\u00eb p\u00ebrgjigjet deri n\u00eb shkall\u00ebn m\u00eb t\u00eb lart\u00eb t\u00eb drejt\u00ebsis\u00eb.<\/p>\n","protected":false},"excerpt":{"rendered":"<p>Administratori i \u201cGega oil\u201d Paulin Gega ka reaguar p\u00ebr News24 pas lajmit p\u00ebr bllokimin e tregtimit t\u00eb karburanteve dhe shpalljen n\u00eb k\u00ebrkim nga policia p\u00ebr disa vepra penale, nd\u00ebr t\u00eb tjera fshehje e t\u00eb ardhurave. Gega mohon akuzat dhe thot\u00eb se kompania nuk ka kryer asnj\u00eb shkelje apo kundravajtje penale as n\u00eb aspektin evaziv apo [&hellip;]<\/p>\n","protected":false},"author":4,"featured_media":101120,"comment_status":"open","ping_status":"closed","sticky":false,"template":"","format":"standard","meta":{"footnotes":""},"categories":[241,231,235],"tags":[],"class_list":{"0":"post-101154","1":"post","2":"type-post","3":"status-publish","4":"format-standard","5":"has-post-thumbnail","7":"category-aktualitet","8":"category-lajme","9":"category-vendi"},"_links":{"self":[{"href":"https:\/\/zjarr.tv\/sq\/wp-json\/wp\/v2\/posts\/101154","targetHints":{"allow":["GET"]}}],"collection":[{"href":"https:\/\/zjarr.tv\/sq\/wp-json\/wp\/v2\/posts"}],"about":[{"href":"https:\/\/zjarr.tv\/sq\/wp-json\/wp\/v2\/types\/post"}],"author":[{"embeddable":true,"href":"https:\/\/zjarr.tv\/sq\/wp-json\/wp\/v2\/users\/4"}],"replies":[{"embeddable":true,"href":"https:\/\/zjarr.tv\/sq\/wp-json\/wp\/v2\/comments?post=101154"}],"version-history":[{"count":0,"href":"https:\/\/zjarr.tv\/sq\/wp-json\/wp\/v2\/posts\/101154\/revisions"}],"wp:featuredmedia":[{"embeddable":true,"href":"https:\/\/zjarr.tv\/sq\/wp-json\/wp\/v2\/media\/101120"}],"wp:attachment":[{"href":"https:\/\/zjarr.tv\/sq\/wp-json\/wp\/v2\/media?parent=101154"}],"wp:term":[{"taxonomy":"category","embeddable":true,"href":"https:\/\/zjarr.tv\/sq\/wp-json\/wp\/v2\/categories?post=101154"},{"taxonomy":"post_tag","embeddable":true,"href":"https:\/\/zjarr.tv\/sq\/wp-json\/wp\/v2\/tags?post=101154"}],"curies":[{"name":"wp","href":"https:\/\/api.w.org\/{rel}","templated":true}]}}