{"id":101178,"date":"2019-08-10T14:57:17","date_gmt":"2019-08-10T12:57:17","guid":{"rendered":"https:\/\/zjarr.tv\/?p=101178"},"modified":"2019-08-10T14:57:17","modified_gmt":"2019-08-10T12:57:17","slug":"dy-muaj-pas-dasmes-lajmi-i-bukur-per-aktorin-se-shpejti-baba","status":"publish","type":"post","link":"https:\/\/zjarr.tv\/sq\/dy-muaj-pas-dasmes-lajmi-i-bukur-per-aktorin-se-shpejti-baba\/","title":{"rendered":"Dy muaj pas dasm\u00ebs lajmi i bukur p\u00ebr aktorin, s\u00eb shpejti baba"},"content":{"rendered":"<p>Pas dasm\u00ebn p\u00ebrrallore n\u00eb fillim t\u00eb qershorit, nj\u00eb tjet\u00ebr lajm i mir\u00eb vjen nga Gaz Paja dhe bashk\u00ebshortja e tij. B\u00ebhet me dije se \u00e7ifti shum\u00eb shpejt do t\u00eb b\u00ebhen prind\u00ebr. Ira mesa duket paska fshehur m\u00eb s\u00eb miri barkun e rrumbullakosur posht\u00eb fustanit t\u00eb bardh\u00eb.<\/p>\n<p>Menj\u00ebher\u00eb pas mbarimit t\u00eb fushat\u00ebs, \u00e7ifti u nis p\u00ebr muaj mjalti jasht\u00eb Shqip\u00ebris\u00eb. Nd\u00ebrkaq k\u00ebto dit\u00eb Gazi dhe Ira po i kalojn\u00eb n\u00eb jug t\u00eb vendit, n\u00eb Dh\u00ebrmi. E pas gjith\u00eb k\u00ebtyre lajmeve t\u00eb mir\u00eb q\u00eb vijn\u00eb nga kjo dyshe, ne nuk na mbetet gj\u00eb tjet\u00ebr ve\u00e7 se t\u2019i urojm\u00eb \u00e7iftit lumturi.<\/p>\n","protected":false},"excerpt":{"rendered":"<p>Pas dasm\u00ebn p\u00ebrrallore n\u00eb fillim t\u00eb qershorit, nj\u00eb tjet\u00ebr lajm i mir\u00eb vjen nga Gaz Paja dhe bashk\u00ebshortja e tij. B\u00ebhet me dije se \u00e7ifti shum\u00eb shpejt do t\u00eb b\u00ebhen prind\u00ebr. Ira mesa duket paska fshehur m\u00eb s\u00eb miri barkun e rrumbullakosur posht\u00eb fustanit t\u00eb bardh\u00eb. Menj\u00ebher\u00eb pas mbarimit t\u00eb fushat\u00ebs, \u00e7ifti u nis p\u00ebr [&hellip;]<\/p>\n","protected":false},"author":4,"featured_media":101179,"comment_status":"open","ping_status":"closed","sticky":false,"template":"","format":"standard","meta":{"footnotes":""},"categories":[241,231,193,235],"tags":[],"class_list":{"0":"post-101178","1":"post","2":"type-post","3":"status-publish","4":"format-standard","5":"has-post-thumbnail","7":"category-aktualitet","8":"category-lajme","9":"category-showbiz","10":"category-vendi"},"_links":{"self":[{"href":"https:\/\/zjarr.tv\/sq\/wp-json\/wp\/v2\/posts\/101178","targetHints":{"allow":["GET"]}}],"collection":[{"href":"https:\/\/zjarr.tv\/sq\/wp-json\/wp\/v2\/posts"}],"about":[{"href":"https:\/\/zjarr.tv\/sq\/wp-json\/wp\/v2\/types\/post"}],"author":[{"embeddable":true,"href":"https:\/\/zjarr.tv\/sq\/wp-json\/wp\/v2\/users\/4"}],"replies":[{"embeddable":true,"href":"https:\/\/zjarr.tv\/sq\/wp-json\/wp\/v2\/comments?post=101178"}],"version-history":[{"count":0,"href":"https:\/\/zjarr.tv\/sq\/wp-json\/wp\/v2\/posts\/101178\/revisions"}],"wp:featuredmedia":[{"embeddable":true,"href":"https:\/\/zjarr.tv\/sq\/wp-json\/wp\/v2\/media\/101179"}],"wp:attachment":[{"href":"https:\/\/zjarr.tv\/sq\/wp-json\/wp\/v2\/media?parent=101178"}],"wp:term":[{"taxonomy":"category","embeddable":true,"href":"https:\/\/zjarr.tv\/sq\/wp-json\/wp\/v2\/categories?post=101178"},{"taxonomy":"post_tag","embeddable":true,"href":"https:\/\/zjarr.tv\/sq\/wp-json\/wp\/v2\/tags?post=101178"}],"curies":[{"name":"wp","href":"https:\/\/api.w.org\/{rel}","templated":true}]}}