{"id":101425,"date":"2019-08-13T19:45:01","date_gmt":"2019-08-13T17:45:01","guid":{"rendered":"https:\/\/zjarr.tv\/?p=101425"},"modified":"2019-08-13T14:54:45","modified_gmt":"2019-08-13T12:54:45","slug":"socializmi-filozofi-deshtimivasili-kujton-thenien-e-curcillit","status":"publish","type":"post","link":"https:\/\/zjarr.tv\/sq\/socializmi-filozofi-deshtimivasili-kujton-thenien-e-curcillit\/","title":{"rendered":"\u2018Socializmi, filozofi d\u00ebshtimi\u2019,Vasili kujton th\u00ebnien e \u00c7ur\u00e7illit"},"content":{"rendered":"<p>N\u00ebnkryetari i LSI-s\u00eb Petrit Vasili p\u00ebrmes nj\u00eb reagimi n\u00eb \u201cFacebook\u201d ka sulmuar ashp\u00ebr qeverin\u00eb \u2018Rama\u2019, nd\u00ebrsa thekson se vendit nuk i duhet \u2018socializmi i neveritsh\u00ebm i rilindjes\u2019. Sipas Vasilit, gjith\u00e7ka q\u00eb b\u00ebn rilindja \u00ebsht\u00eb nj\u00eb d\u00ebshtim, nd\u00ebrsa kujton nj\u00eb shprehje t\u00eb kryeministrit britanik Winston \u00c7ur\u00e7illi.<\/p>\n<p>\u201cNa duhet nje integrim europian i shpejte dhe qe \u00e7on ne nje kapitalizem te qendrueshem, konkurues e qe sjell begati dhe kurren e kurres nuk na duhet socializmi i neveritshem i rilindjes qe sjell mizerje, varferi dhe autoritarizem qe shkaterron shtetin ligjor dhe lirine e individit.<\/p>\n<p>Gjithshka, qe rilindja ben e thote eshte thjesht nje deshtim me i rende se sa ai i nje dite me pare,nje dite mjerimi me shume dhe nje psheretime skamjeje me e dhimbshme dhe akoma me dramatike se sa ajo qe kemi lene pas.<br \/>\nLexojeni \u00e7\u2019thote \u00c7ur\u00e7illi i madh dhe alarmohuni per ate qe po ndodh ne Shqiperi.<br \/>\n\u201cSocializmi \u00ebsht\u00eb filozofia e d\u00ebshtimit, kredo e injoranc\u00ebs dhe ungjilli i zilis\u00eb\u201d.<br \/>\nUinston \u00c7ur\u00e7ill\u201d, shkruan Vasili.<\/p>\n","protected":false},"excerpt":{"rendered":"<p>N\u00ebnkryetari i LSI-s\u00eb Petrit Vasili p\u00ebrmes nj\u00eb reagimi n\u00eb \u201cFacebook\u201d ka sulmuar ashp\u00ebr qeverin\u00eb \u2018Rama\u2019, nd\u00ebrsa thekson se vendit nuk i duhet \u2018socializmi i neveritsh\u00ebm i rilindjes\u2019. Sipas Vasilit, gjith\u00e7ka q\u00eb b\u00ebn rilindja \u00ebsht\u00eb nj\u00eb d\u00ebshtim, nd\u00ebrsa kujton nj\u00eb shprehje t\u00eb kryeministrit britanik Winston \u00c7ur\u00e7illi. \u201cNa duhet nje integrim europian i shpejte dhe qe \u00e7on [&hellip;]<\/p>\n","protected":false},"author":4,"featured_media":0,"comment_status":"open","ping_status":"closed","sticky":false,"template":"","format":"standard","meta":{"footnotes":""},"categories":[241,231,235],"tags":[],"class_list":{"0":"post-101425","1":"post","2":"type-post","3":"status-publish","4":"format-standard","6":"category-aktualitet","7":"category-lajme","8":"category-vendi"},"_links":{"self":[{"href":"https:\/\/zjarr.tv\/sq\/wp-json\/wp\/v2\/posts\/101425","targetHints":{"allow":["GET"]}}],"collection":[{"href":"https:\/\/zjarr.tv\/sq\/wp-json\/wp\/v2\/posts"}],"about":[{"href":"https:\/\/zjarr.tv\/sq\/wp-json\/wp\/v2\/types\/post"}],"author":[{"embeddable":true,"href":"https:\/\/zjarr.tv\/sq\/wp-json\/wp\/v2\/users\/4"}],"replies":[{"embeddable":true,"href":"https:\/\/zjarr.tv\/sq\/wp-json\/wp\/v2\/comments?post=101425"}],"version-history":[{"count":0,"href":"https:\/\/zjarr.tv\/sq\/wp-json\/wp\/v2\/posts\/101425\/revisions"}],"wp:attachment":[{"href":"https:\/\/zjarr.tv\/sq\/wp-json\/wp\/v2\/media?parent=101425"}],"wp:term":[{"taxonomy":"category","embeddable":true,"href":"https:\/\/zjarr.tv\/sq\/wp-json\/wp\/v2\/categories?post=101425"},{"taxonomy":"post_tag","embeddable":true,"href":"https:\/\/zjarr.tv\/sq\/wp-json\/wp\/v2\/tags?post=101425"}],"curies":[{"name":"wp","href":"https:\/\/api.w.org\/{rel}","templated":true}]}}