{"id":101620,"date":"2019-08-15T13:07:15","date_gmt":"2019-08-15T11:07:15","guid":{"rendered":"https:\/\/zjarr.tv\/?p=101620"},"modified":"2019-08-15T13:07:15","modified_gmt":"2019-08-15T11:07:15","slug":"ligji-anti-shpifje-meta-pa-media-te-lire-rruga-drejt-be-e-pamundur","status":"publish","type":"post","link":"https:\/\/zjarr.tv\/sq\/ligji-anti-shpifje-meta-pa-media-te-lire-rruga-drejt-be-e-pamundur\/","title":{"rendered":"Ligji anti-shpifje, Meta: Pa media t\u00eb lir\u00eb rruga drejt BE e pamundur"},"content":{"rendered":"<p>Presidenti i Republik\u00ebs Ilir Meta n\u00eb mb\u00ebshtetje t\u00eb gazetar\u00ebve e mediave. Presidenti Meta ka reaguar sot n\u00eb lidhje me debatin e hapur pas paket\u00ebs ligjore antishpifje t\u00eb nd\u00ebrmarr\u00eb nga maxhoranca. Ai num\u00ebron disa nga raportet dhe statistikat p\u00ebr median n\u00eb vend dhe thot\u00eb se jan\u00eb k\u00ebmbana t\u00eb forta alarmi p\u00ebr gjendjen e p\u00ebrkeq\u00ebsuar dhe tep\u00ebr shqet\u00ebsuese n\u00eb t\u00eb cil\u00ebn ndodhen sot gazetar\u00ebt n\u00eb Shqip\u00ebri.<\/p>\n<p>Kreu i Shtetit thekson se pa media t\u00eb lir\u00eb dhe t\u00eb pavarur, rruga e Shqip\u00ebris\u00eb drejt Bashkimit Europian \u00ebsht\u00eb e pamundur.<\/p>\n<p><strong>DEKLARATA E PLOT\u00cb<\/strong><br \/>\nPresidenti i Republik\u00ebs Ilir Meta po ndjek me shum\u00eb v\u00ebmendje shqet\u00ebsimet e thella t\u00eb shprehura nga komuniteti i gazetar\u00ebve shqiptar\u00eb dhe organizatat nd\u00ebrkomb\u00ebtare q\u00eb monitorojn\u00eb lirin\u00eb e medias n\u00eb vendin ton\u00eb, lidhur me nism\u00ebn ligjore \u201canti-shpifje\u201d t\u00eb propozuar nga qeveria.<\/p>\n<p>Duke ndar\u00eb bindjen se \u00e7do goditje ndaj institucionit t\u00eb medias, \u00ebsht\u00eb sulm ndaj demokracis\u00eb, Presidenti Meta thekson domosdoshm\u00ebrin\u00eb e marrjes n\u00eb shqyrtim nga ana e qeveris\u00eb, por edhe e Parlamentit, e t\u00eb gjitha sugjerimeve t\u00eb shprehura nga komuniteti i gazetar\u00ebve, me kujdesin dhe v\u00ebmendjen e duhur q\u00eb ato meritojn\u00eb.<\/p>\n<p>Presidenti Meta shpreh bindjen se angazhimi i institucioneve dhe i shoq\u00ebris\u00eb n\u00eb p\u00ebrkrahje t\u00eb liris\u00eb s\u00eb t\u00eb shprehurit \u00ebsht\u00eb tregues p\u00ebr demokracin\u00eb, qeverisjen e mir\u00eb dhe p\u00ebrgjegj\u00ebsin\u00eb publike n\u00eb vend.<\/p>\n<p>Presidenti Meta thekson se liria e t\u00eb shprehurit \u00ebsht\u00eb e drejt\u00eb themelore e njeriut dhe shtyll\u00eb e paz\u00ebvend\u00ebsueshme e jetike p\u00ebr nj\u00eb shoq\u00ebrie moderne demokratike, si dhe p\u00ebr garantimin e llogaridh\u00ebnies nga t\u00eb gjitha institucionet publike.<\/p>\n<div id=\"pa_1x1_psbk_1565867204940\"><\/div>\n<p>Zbritja me 7 vende n\u00eb Indeksin Bot\u00ebror t\u00eb Liris\u00eb s\u00eb Medias, sipas konkluzioneve t\u00eb organizat\u00ebs bot\u00ebrore t\u00eb gazetar\u00ebve \u201cReporter\u00ebt pa Kufij\u201d;<\/p>\n<p>P\u00ebrfundimet e raportit vjetor t\u00eb \u201cFreedom House\u201d se media n\u00eb Shqip\u00ebri \u00ebsht\u00eb pjes\u00ebrisht e lir\u00eb;<\/p>\n<p>Konkluzionet e \u201cMisionit p\u00ebr lirin\u00eb e medias\u201d t\u00eb shtat\u00eb organizatave globale sipas t\u00eb cilave \u201cautoritetet shqiptare nuk po p\u00ebrmbushin detyrimet ndaj ligjit vendas dhe instrumenteve nd\u00ebrkomb\u00ebtare p\u00ebr t\u00eb garantuar lirin\u00eb e shprehjes dhe t\u00eb medias, duke theksuar se ka pasur nj\u00eb p\u00ebrkeq\u00ebsim t\u00eb siguris\u00eb, kushteve t\u00eb pun\u00ebs dhe aksesit n\u00eb informacion t\u00eb gazetar\u00ebve\u201d;<\/p>\n<p>Raporti paraprak i OSBE\/ODIHR ku theksohej se \u201cmedia t\u00eb m\u00ebdha u sh\u00ebrbejn\u00eb si platforma lobuese pronar\u00ebve t\u00eb tyre, duke v\u00ebn\u00eb k\u00ebshtu n\u00eb pik\u00ebpyetje pavar\u00ebsin\u00eb e tyre editoriale dhe duke imponuar autocensur\u00ebn\u201d;<\/p>\n<p>Jan\u00eb k\u00ebmbana t\u00eb forta alarmi p\u00ebr gjendjen e p\u00ebrkeq\u00ebsuar dhe tep\u00ebr shqet\u00ebsuese n\u00eb t\u00eb cil\u00ebn ndodhen sot gazetar\u00ebt n\u00eb Shqip\u00ebri.<\/p>\n<p>Presidenti Meta garanton komunitetin e gazetar\u00ebve se do t\u00eb jet\u00eb p\u00ebrher\u00eb n\u00eb mb\u00ebshtetje t\u00eb tyre kund\u00ebr \u00e7do tentative q\u00eb synon t\u00eb cenoj\u00eb fjal\u00ebn e lir\u00eb dhe pavar\u00ebsin\u00eb e medias, q\u00eb rrezikon t\u00eb kthej\u00eb vendin 30 vite pas.<\/p>\n<p>Pa media t\u00eb lir\u00eb dhe t\u00eb pavarur, rruga e Shqip\u00ebris\u00eb drejt Bashkimit Europian \u00ebsht\u00eb e pamundur.<\/p>\n","protected":false},"excerpt":{"rendered":"<p>Presidenti i Republik\u00ebs Ilir Meta n\u00eb mb\u00ebshtetje t\u00eb gazetar\u00ebve e mediave. Presidenti Meta ka reaguar sot n\u00eb lidhje me debatin e hapur pas paket\u00ebs ligjore antishpifje t\u00eb nd\u00ebrmarr\u00eb nga maxhoranca. Ai num\u00ebron disa nga raportet dhe statistikat p\u00ebr median n\u00eb vend dhe thot\u00eb se jan\u00eb k\u00ebmbana t\u00eb forta alarmi p\u00ebr gjendjen e p\u00ebrkeq\u00ebsuar dhe tep\u00ebr [&hellip;]<\/p>\n","protected":false},"author":2013,"featured_media":99906,"comment_status":"open","ping_status":"closed","sticky":false,"template":"","format":"standard","meta":{"footnotes":""},"categories":[241,235],"tags":[],"class_list":{"0":"post-101620","1":"post","2":"type-post","3":"status-publish","4":"format-standard","5":"has-post-thumbnail","7":"category-aktualitet","8":"category-vendi"},"_links":{"self":[{"href":"https:\/\/zjarr.tv\/sq\/wp-json\/wp\/v2\/posts\/101620","targetHints":{"allow":["GET"]}}],"collection":[{"href":"https:\/\/zjarr.tv\/sq\/wp-json\/wp\/v2\/posts"}],"about":[{"href":"https:\/\/zjarr.tv\/sq\/wp-json\/wp\/v2\/types\/post"}],"author":[{"embeddable":true,"href":"https:\/\/zjarr.tv\/sq\/wp-json\/wp\/v2\/users\/2013"}],"replies":[{"embeddable":true,"href":"https:\/\/zjarr.tv\/sq\/wp-json\/wp\/v2\/comments?post=101620"}],"version-history":[{"count":0,"href":"https:\/\/zjarr.tv\/sq\/wp-json\/wp\/v2\/posts\/101620\/revisions"}],"wp:featuredmedia":[{"embeddable":true,"href":"https:\/\/zjarr.tv\/sq\/wp-json\/wp\/v2\/media\/99906"}],"wp:attachment":[{"href":"https:\/\/zjarr.tv\/sq\/wp-json\/wp\/v2\/media?parent=101620"}],"wp:term":[{"taxonomy":"category","embeddable":true,"href":"https:\/\/zjarr.tv\/sq\/wp-json\/wp\/v2\/categories?post=101620"},{"taxonomy":"post_tag","embeddable":true,"href":"https:\/\/zjarr.tv\/sq\/wp-json\/wp\/v2\/tags?post=101620"}],"curies":[{"name":"wp","href":"https:\/\/api.w.org\/{rel}","templated":true}]}}