{"id":101622,"date":"2019-08-15T13:44:36","date_gmt":"2019-08-15T11:44:36","guid":{"rendered":"https:\/\/zjarr.tv\/?p=101622"},"modified":"2019-08-15T13:44:36","modified_gmt":"2019-08-15T11:44:36","slug":"gjata-kush-po-e-pengon-valdrin-pjetrin-te-jape-doreheqjen","status":"publish","type":"post","link":"https:\/\/zjarr.tv\/sq\/gjata-kush-po-e-pengon-valdrin-pjetrin-te-jape-doreheqjen\/","title":{"rendered":"Gjata: Kush po e pengon Valdrin Pjetrin t\u00eb jap\u00eb dor\u00ebheqjen"},"content":{"rendered":"<p>Sekretari p\u00ebr \u00c7\u00ebshtjet Ligjore n\u00eb Partin\u00eb Demokratike, \u00c7lirim Gjata, me nj\u00eb deklarate p\u00ebr mediat tha se kryeministri Rama pengon zbatimin e ligjit Antimafia p\u00ebr verifikimin e pasurive t\u00eb Valdrin Pjetrit.\u00a0 Gjata ftoi prokurorin\u00eb t\u00eb zbatoj\u00eb ligjin dhe t\u00eb nis\u00eb nj\u00eb hetim pasuror p\u00ebr Valdrin Pjetrin, pasi si\u00e7 tha ai, ky i fundit rezulton subjekt i \u201cLigjit Antimafia\u201d.<\/p>\n<div id=\"sticky-video--placeholder\"><\/div>\n<div id=\"sticky-video--close-button\" class=\"sticky-video--close-button-visible\"><\/div>\n<p><iframe src=\"https:\/\/www.facebook.com\/plugins\/video.php?href=https%3A%2F%2Fwww.facebook.com%2Fpartiademokratike%2Fvideos%2F225731714984359%2F&amp;show_text=0&amp;width=560\" frameborder=\"0\" scrolling=\"no\" allowfullscreen=\"allowfullscreen\" data-sticky-video-state=\"sticky\" data-mce-fragment=\"1\"><\/iframe><\/p>\n<p>Ai hodhi akuza p\u00ebr kryeministrin Edi Rama, i cili sipas tij po pengon Pjetrin t\u00eb jap\u00eb dor\u00ebheqjen dhe po synon p\u00ebr ta \u00e7uar deri n\u00eb fund skenarin kriminal \u201cp\u00ebr t\u00eb uzurpuar Bashkin\u00eb e Shkodr\u00ebs\u201d<\/p>\n<h2><strong>Deklarata e Gjat\u00ebs:<\/strong><\/h2>\n<p>Edi Rama i mashtroi shqiptar\u00ebt pak dit\u00eb m\u00eb par\u00eb, kur, pasi Partia Demokratike publikoi dokumentat e d\u00ebnimit p\u00ebr trafik droge t\u00eb Valdrin Pjetrit, tha se nuk do ta toleronte at\u00eb. Edi Rama b\u00ebn gjithmon\u00eb t\u00eb kund\u00ebrt\u00ebn e asaj q\u00eb thot\u00eb. Ai po kryen nj\u00ebkoh\u00ebsisht tre veprime, n\u00eb m\u00ebnyr\u00eb q\u00eb t\u2019i shkoj\u00eb deri n\u00eb fund skenarit t\u00eb tij kriminal p\u00ebr t\u00eb uzurpuar Bashkin\u00eb e Shkodr\u00ebs.<\/p>\n<ol>\n<li>Po pengon Valdrin Pjetrin t\u00eb jap\u00eb dor\u00ebheqjen pas verifikimit se \u00ebsht\u00eb d\u00ebnuar p\u00ebr trafik droge n\u00eb Itali.<\/li>\n<li>Po pengon prokurorin\u00eb t\u00eb konfirmoj\u00eb gjetjet e Partis\u00eb Demokratike, t\u00eb verifikuara n\u00eb m\u00ebnyr\u00eb t\u00eb pavarur nga Z\u00ebri i Amerik\u00ebs.<\/li>\n<li>Po pengon zbatimin e Ligjit Antimafia p\u00ebr verifikimin, sekuestrimin dhe konfiskimin e pasurive nga trafiku i drog\u00ebs i Valdrin Pjetrit.<\/li>\n<\/ol>\n<p>Edi Rama, i cili vazhdon t\u2019i jap\u00eb mbrojtje t\u00eb besuarit t\u00eb tij p\u00ebr Shkodr\u00ebn ka detyrimin ligjor dhe moral t\u2019u thot\u00eb shqiptar\u00ebve:<\/p>\n<p>\uf0a7\u00a0 \u00a0 Pse nuk vepron Ligji Antimafia ndaj pasurive t\u00eb drog\u00ebs s\u00eb Valdrin Pjetrit?<\/p>\n<p>\uf0a7\u00a0\u00a0\u00a0\u00a0\u00a0\u00a0 Pse i besuari i tij n\u00eb Shkod\u00ebr ka imunitet mbi ligjin?<\/p>\n<p>\uf0a7\u00a0\u00a0\u00a0\u00a0\u00a0\u00a0 Pse nuk vepron prokuroria?<\/p>\n<div id=\"pa_1x1_psbk_1565869445846\"><\/div>\n<p>\uf0a7\u00a0\u00a0\u00a0\u00a0\u00a0\u00a0 Pse Operacioni \u201cForca e Ligjit\u201d, q\u00eb duhej t\u00eb sekuestronte pasurit\u00eb e paligjshme\u00a0 \u00ebsht\u00eb shnd\u00ebrruar n\u00eb operacionin \u201cForca e krimit\u201d?<\/p>\n<p>P\u00ebrgjigjet e k\u00ebtyre pyetjeve lidhen drejtp\u00ebrs\u00ebdrejti me planin e Edi Ram\u00ebs p\u00ebr t\u00eb p\u00ebrdorur trafikantin e drog\u00ebs derisa, n\u00eb m\u00ebnyr\u00eb t\u00eb paligjshme, t\u00eb marr\u00eb drejtimin e Bashkis\u00eb s\u00eb Shkodr\u00ebs. \u00cbsht\u00eb ky skenar pse trafikanti I drog\u00ebs Valdrin Pjetri ndalohet t\u00eb jap\u00eb dor\u00ebheqjen para betimit, pse prokuroria po e zvarrit verifikimin, pse ligji antimafia nuk vepron.<\/p>\n<p>Pamjet n\u00eb video tregojn\u00eb se pasuria m\u00eb e dukshme e Valdrin Pjetrit, \u00ebsht\u00eb nj\u00eb hotel superluksoz n\u00eb periferi t\u00eb Tiran\u00ebs, i inauguruar me pranin\u00eb e ministres s\u00eb Edi Ram\u00ebs. Sipas Ligjit Antimafia, Valdrin Pjetri \u00ebsht\u00eb subjekt i drejtp\u00ebrdrejt\u00eb i tij, pasi si\u00e7 shprehet ligji subjekt i ligjit \u00ebsht\u00eb \u00e7do person p\u00ebr t\u00eb cilin ka indicie se:<\/p>\n<ol>\n<li>a) ka kryer krime q\u00eb lidhen me trafikimin e l\u00ebnd\u00ebve narkotike.<\/li>\n<\/ol>\n<p>P\u00ebr rastin e Valdrin Pjetrit, jo vet\u00ebm q\u00eb ka indicie p\u00ebr kryerjen e k\u00ebtyre krimeve, por ky fakt \u00ebsht\u00eb i provuar nga vendimet e drejt\u00ebsis\u00eb italiane, t\u00eb cilat jan\u00eb publikuar prej disa dit\u00ebsh nga Partia Demokratike.<\/p>\n<p>Valdrin Pjetri \u00ebsht\u00eb d\u00ebnuar me burg p\u00ebr trafik droge, por as policia, as prokuroria nuk kan\u00eb b\u00ebr\u00eb asnj\u00eb l\u00ebvizje p\u00ebr t\u00eb zbatuar ligjin. E vetmja forc\u00eb q\u00eb mund t\u2019i ndaloj\u00eb ata \u00ebsht\u00eb ajo e kryeministrit t\u00eb vendit, i cili ndryshe flet dhe ndryshe vepron, duke garantuar paprekshm\u00ebri p\u00ebr kriminel\u00ebt dhe trafikant\u00ebt e tij.<\/p>\n<p>Meq\u00ebn\u00ebse prokuroria e kapur dhe kontrolluar nga Edi Rama b\u00ebn sikur nuk d\u00ebgjon dhe nuk sheh, nj\u00eblloj si\u00e7 nuk sheh e d\u00ebgjon korrupsionin galopant t\u00eb Qeveris\u00eb s\u00eb Edi Ram\u00ebs, Partia Demokratike do t\u00eb informoj\u00eb zyrtarisht nes\u00ebr Prokurorin\u00eb e Krimeve t\u00eb R\u00ebnda, e cila ka detyrimin t\u00eb nis\u00eb menj\u00ebher\u00eb hetim pasuror ndaj Valdrin Pjetrit dhe familjes s\u00eb tij, p\u00ebr shkak se ai \u00ebsht\u00eb subjekt i ligjit Antimafia.<\/p>\n<p>P\u00ebr \u00e7do shqiptar \u00ebsht\u00eb e qart\u00eb dhe e kuptueshme se p\u00ebrsa koh\u00eb Edi Rama \u00ebsht\u00eb n\u00eb krye t\u00eb qeveris\u00eb, Ligji Antimafia nuk ka p\u00ebr t\u00eb vepruar. Nj\u00eb vit m\u00eb par\u00eb, Edi Rama nuk lejoi q\u00eb Ligji antimfia t\u00eb veproj\u00eb kund\u00ebr Agron Xhaf\u00ebs, tani nuk ka p\u00ebr t\u00eb lejuar t\u00eb veproj\u00eb kund\u00ebr Valdrin Pjetrit.<\/p>\n<p>K\u00ebta dhe \u00e7do kriminel e trafikant tjet\u00ebr do t\u00eb vazhdojn\u00eb t\u00eb jen\u00eb t\u00eb papreksh\u00ebm, n\u00ebse Edi Ram\u00ebs i c\u00ebnohet sadopak pushteti I tij kriminal. Parimi se t\u00eb gjith\u00eb jan\u00eb t\u00eb barabart\u00eb p\u00ebrpara ligjit, nuk ekziston m\u00eb! Edi Rama e ka fshir\u00eb at\u00eb nga Kushtetuta dhe ligji, nj\u00ebsoj si\u00e7 po p\u00ebrpiqet t\u00eb fshij\u00eb zgjedhjet e lira e t\u00eb ndershme.<\/p>\n","protected":false},"excerpt":{"rendered":"<p>Sekretari p\u00ebr \u00c7\u00ebshtjet Ligjore n\u00eb Partin\u00eb Demokratike, \u00c7lirim Gjata, me nj\u00eb deklarate p\u00ebr mediat tha se kryeministri Rama pengon zbatimin e ligjit Antimafia p\u00ebr verifikimin e pasurive t\u00eb Valdrin Pjetrit.\u00a0 Gjata ftoi prokurorin\u00eb t\u00eb zbatoj\u00eb ligjin dhe t\u00eb nis\u00eb nj\u00eb hetim pasuror p\u00ebr Valdrin Pjetrin, pasi si\u00e7 tha ai, ky i fundit rezulton subjekt i [&hellip;]<\/p>\n","protected":false},"author":2013,"featured_media":100284,"comment_status":"open","ping_status":"closed","sticky":false,"template":"","format":"standard","meta":{"footnotes":""},"categories":[241,235],"tags":[],"class_list":{"0":"post-101622","1":"post","2":"type-post","3":"status-publish","4":"format-standard","5":"has-post-thumbnail","7":"category-aktualitet","8":"category-vendi"},"_links":{"self":[{"href":"https:\/\/zjarr.tv\/sq\/wp-json\/wp\/v2\/posts\/101622","targetHints":{"allow":["GET"]}}],"collection":[{"href":"https:\/\/zjarr.tv\/sq\/wp-json\/wp\/v2\/posts"}],"about":[{"href":"https:\/\/zjarr.tv\/sq\/wp-json\/wp\/v2\/types\/post"}],"author":[{"embeddable":true,"href":"https:\/\/zjarr.tv\/sq\/wp-json\/wp\/v2\/users\/2013"}],"replies":[{"embeddable":true,"href":"https:\/\/zjarr.tv\/sq\/wp-json\/wp\/v2\/comments?post=101622"}],"version-history":[{"count":0,"href":"https:\/\/zjarr.tv\/sq\/wp-json\/wp\/v2\/posts\/101622\/revisions"}],"wp:featuredmedia":[{"embeddable":true,"href":"https:\/\/zjarr.tv\/sq\/wp-json\/wp\/v2\/media\/100284"}],"wp:attachment":[{"href":"https:\/\/zjarr.tv\/sq\/wp-json\/wp\/v2\/media?parent=101622"}],"wp:term":[{"taxonomy":"category","embeddable":true,"href":"https:\/\/zjarr.tv\/sq\/wp-json\/wp\/v2\/categories?post=101622"},{"taxonomy":"post_tag","embeddable":true,"href":"https:\/\/zjarr.tv\/sq\/wp-json\/wp\/v2\/tags?post=101622"}],"curies":[{"name":"wp","href":"https:\/\/api.w.org\/{rel}","templated":true}]}}