{"id":101625,"date":"2019-08-15T13:47:27","date_gmt":"2019-08-15T11:47:27","guid":{"rendered":"https:\/\/zjarr.tv\/?p=101625"},"modified":"2019-08-15T13:47:27","modified_gmt":"2019-08-15T11:47:27","slug":"parashikimi-i-motit-per-7-ditet-ne-vijim-cthone-meteorologet","status":"publish","type":"post","link":"https:\/\/zjarr.tv\/sq\/parashikimi-i-motit-per-7-ditet-ne-vijim-cthone-meteorologet\/","title":{"rendered":"Parashikimi i motit p\u00ebr 7 dit\u00ebt n\u00eb vijim, \u00e7&#8217;thon\u00eb meteorolog\u00ebt"},"content":{"rendered":"<p>Dita e premte si edhe fundjava, sipas Meteoalb, paraqiten\u00a0n\u00eb ndikimin e motit t\u00eb kthjell\u00ebt dhe vran\u00ebsirave t\u00eb shpeshta, m\u00eb t\u00eb dukshme n\u00eb zonat malore.<\/p>\n<p>Parashikohet q\u00eb edhe java tjet\u00ebr t\u00eb jet\u00eb n\u00eb ndikimin e motit t\u00eb kthjell\u00ebt duke qen\u00eb se priten s\u00ebrish masa ajrore me origjin\u00eb afrikane.<\/p>\n<p>Temperaturat e ajrit do t\u00eb vijojn\u00eb n\u00eb\u00a0rritje graduale ne te dy vlerat termike ditore duke b\u00ebr\u00eb\u00a0q\u00eb\u00a0termometri t\u00eb\u00a0sh\u00ebnoj\u00eb\u00a0n\u00eb\u00a0fundjav\u00eb\u00a0nga 10?C m\u00ebngjesi deri n\u00eb 35?C mesdita.<\/p>\n","protected":false},"excerpt":{"rendered":"<p>Dita e premte si edhe fundjava, sipas Meteoalb, paraqiten\u00a0n\u00eb ndikimin e motit t\u00eb kthjell\u00ebt dhe vran\u00ebsirave t\u00eb shpeshta, m\u00eb t\u00eb dukshme n\u00eb zonat malore. Parashikohet q\u00eb edhe java tjet\u00ebr t\u00eb jet\u00eb n\u00eb ndikimin e motit t\u00eb kthjell\u00ebt duke qen\u00eb se priten s\u00ebrish masa ajrore me origjin\u00eb afrikane. Temperaturat e ajrit do t\u00eb vijojn\u00eb n\u00eb\u00a0rritje graduale [&hellip;]<\/p>\n","protected":false},"author":2013,"featured_media":101288,"comment_status":"open","ping_status":"closed","sticky":false,"template":"","format":"standard","meta":{"footnotes":""},"categories":[241,235],"tags":[],"class_list":{"0":"post-101625","1":"post","2":"type-post","3":"status-publish","4":"format-standard","5":"has-post-thumbnail","7":"category-aktualitet","8":"category-vendi"},"_links":{"self":[{"href":"https:\/\/zjarr.tv\/sq\/wp-json\/wp\/v2\/posts\/101625","targetHints":{"allow":["GET"]}}],"collection":[{"href":"https:\/\/zjarr.tv\/sq\/wp-json\/wp\/v2\/posts"}],"about":[{"href":"https:\/\/zjarr.tv\/sq\/wp-json\/wp\/v2\/types\/post"}],"author":[{"embeddable":true,"href":"https:\/\/zjarr.tv\/sq\/wp-json\/wp\/v2\/users\/2013"}],"replies":[{"embeddable":true,"href":"https:\/\/zjarr.tv\/sq\/wp-json\/wp\/v2\/comments?post=101625"}],"version-history":[{"count":0,"href":"https:\/\/zjarr.tv\/sq\/wp-json\/wp\/v2\/posts\/101625\/revisions"}],"wp:featuredmedia":[{"embeddable":true,"href":"https:\/\/zjarr.tv\/sq\/wp-json\/wp\/v2\/media\/101288"}],"wp:attachment":[{"href":"https:\/\/zjarr.tv\/sq\/wp-json\/wp\/v2\/media?parent=101625"}],"wp:term":[{"taxonomy":"category","embeddable":true,"href":"https:\/\/zjarr.tv\/sq\/wp-json\/wp\/v2\/categories?post=101625"},{"taxonomy":"post_tag","embeddable":true,"href":"https:\/\/zjarr.tv\/sq\/wp-json\/wp\/v2\/tags?post=101625"}],"curies":[{"name":"wp","href":"https:\/\/api.w.org\/{rel}","templated":true}]}}