{"id":101627,"date":"2019-08-15T13:54:50","date_gmt":"2019-08-15T11:54:50","guid":{"rendered":"https:\/\/zjarr.tv\/?p=101627"},"modified":"2019-08-15T13:54:50","modified_gmt":"2019-08-15T11:54:50","slug":"lirohet-ish-ushtari-i-uck-se-shoku-serbia-ka-vdekur-maqedonia-mos-e-degjoje","status":"publish","type":"post","link":"https:\/\/zjarr.tv\/sq\/lirohet-ish-ushtari-i-uck-se-shoku-serbia-ka-vdekur-maqedonia-mos-e-degjoje\/","title":{"rendered":"Lirohet ish-ushtari i U\u00c7K-s\u00eb, shoku: Serbia ka vdekur, Maqedonia mos e d\u00ebgjoj\u00eb"},"content":{"rendered":"<p>Tomor Morina tashm\u00eb edhe zyrtarisht \u00ebsht\u00eb liruar nga paraburgimi n\u00eb burgun e Shutk\u00ebs. Morina, si\u00e7 deklaroi shoku i tij Bujar X\u00ebrca, po shoq\u00ebrohet deri n\u00eb pik\u00ebn kufitare nga vetura t\u00eb Ambasad\u00ebs s\u00eb Kosov\u00ebs.\u00a0 Ai fal\u00ebnderoi institucionet dhe e t\u00eb dy shteteve si dhe punonj\u00ebsit e burgut si dhe theksoi se Morina \u00ebsht\u00eb n\u00eb gjendje t\u00eb t\u00eb mir\u00eb..<\/p>\n<p>\u201cTomorin ve\u00e7 e mor\u00ebm, fitoi drejt\u00ebsia\u2026Fal\u00ebnderojm\u00eb institucionet tona dhe institucionet Maqedonase. Sh\u00ebndeti i Morin\u00ebs \u00ebsht\u00eb shum\u00eb mir\u00eb, nuk ka m\u00eb mir\u00eb. Fal\u00ebnderojm\u00eb drejtorin Esatin si dhe Sadushin dhe t\u00eb gjith\u00eb njer\u00ebzve q\u00eb e kan\u00eb trajtuar m\u00eb s\u00eb miri. Arrestimi i Morin\u00ebs ishte di\u00e7ka e padrejt\u00eb. Shteti maqedon nuk \u00ebsht\u00eb mir\u00eb ta d\u00ebgjon Serbin\u00eb. Serbia ka vdekur, njeriun e vdekur nuk duhet ta d\u00ebgjojm\u00eb. Nuk duhet t\u00eb ket\u00eb Serbia kaq ndikim. Sa m\u00eb per\u00ebndimor\u00eb t\u00eb jet\u00eb Maqedonia, Kosova aq m\u00eb mir\u00eb\u201d, tha Bujar X\u00ebrca, shoku i Tomor Morin\u00ebs.<\/p>\n<p>Ndryshe, Gjykata Supreme vulosi vendimin e K\u00ebshillit penal, ku thuhej se nuk ka baz\u00eb p\u00ebr ekstradimin e ish-luft\u00ebtarit t\u00eb U\u00c7K-s\u00eb, Tomor Morina n\u00eb Serbi. Sipas tyre, ekstradimi i Morin\u00ebs n\u00eb Serbi \u00ebsht\u00eb i pamundur, pasi q\u00eb ai dyshohet p\u00ebr vepra t\u00eb kryera n\u00eb Kosov\u00eb, shtet\u00ebsin\u00eb e t\u00eb cilit shtet edhe e posedon personi n\u00eb fjal\u00eb.\/Alsat<\/p>\n","protected":false},"excerpt":{"rendered":"<p>Tomor Morina tashm\u00eb edhe zyrtarisht \u00ebsht\u00eb liruar nga paraburgimi n\u00eb burgun e Shutk\u00ebs. Morina, si\u00e7 deklaroi shoku i tij Bujar X\u00ebrca, po shoq\u00ebrohet deri n\u00eb pik\u00ebn kufitare nga vetura t\u00eb Ambasad\u00ebs s\u00eb Kosov\u00ebs.\u00a0 Ai fal\u00ebnderoi institucionet dhe e t\u00eb dy shteteve si dhe punonj\u00ebsit e burgut si dhe theksoi se Morina \u00ebsht\u00eb n\u00eb gjendje t\u00eb [&hellip;]<\/p>\n","protected":false},"author":2013,"featured_media":101628,"comment_status":"open","ping_status":"closed","sticky":false,"template":"","format":"standard","meta":{"footnotes":""},"categories":[241,2],"tags":[],"class_list":{"0":"post-101627","1":"post","2":"type-post","3":"status-publish","4":"format-standard","5":"has-post-thumbnail","7":"category-aktualitet","8":"category-rajoni"},"_links":{"self":[{"href":"https:\/\/zjarr.tv\/sq\/wp-json\/wp\/v2\/posts\/101627","targetHints":{"allow":["GET"]}}],"collection":[{"href":"https:\/\/zjarr.tv\/sq\/wp-json\/wp\/v2\/posts"}],"about":[{"href":"https:\/\/zjarr.tv\/sq\/wp-json\/wp\/v2\/types\/post"}],"author":[{"embeddable":true,"href":"https:\/\/zjarr.tv\/sq\/wp-json\/wp\/v2\/users\/2013"}],"replies":[{"embeddable":true,"href":"https:\/\/zjarr.tv\/sq\/wp-json\/wp\/v2\/comments?post=101627"}],"version-history":[{"count":0,"href":"https:\/\/zjarr.tv\/sq\/wp-json\/wp\/v2\/posts\/101627\/revisions"}],"wp:featuredmedia":[{"embeddable":true,"href":"https:\/\/zjarr.tv\/sq\/wp-json\/wp\/v2\/media\/101628"}],"wp:attachment":[{"href":"https:\/\/zjarr.tv\/sq\/wp-json\/wp\/v2\/media?parent=101627"}],"wp:term":[{"taxonomy":"category","embeddable":true,"href":"https:\/\/zjarr.tv\/sq\/wp-json\/wp\/v2\/categories?post=101627"},{"taxonomy":"post_tag","embeddable":true,"href":"https:\/\/zjarr.tv\/sq\/wp-json\/wp\/v2\/tags?post=101627"}],"curies":[{"name":"wp","href":"https:\/\/api.w.org\/{rel}","templated":true}]}}