{"id":101630,"date":"2019-08-15T13:56:29","date_gmt":"2019-08-15T11:56:29","guid":{"rendered":"https:\/\/zjarr.tv\/?p=101630"},"modified":"2019-08-15T13:56:29","modified_gmt":"2019-08-15T11:56:29","slug":"mali-i-zi-ndalon-pirjen-e-duhanit-ne-hapesira-te-mbyllura-publike","status":"publish","type":"post","link":"https:\/\/zjarr.tv\/sq\/mali-i-zi-ndalon-pirjen-e-duhanit-ne-hapesira-te-mbyllura-publike\/","title":{"rendered":"Mali i Zi ndalon pirjen e duhanit n\u00eb hap\u00ebsira t\u00eb mbyllura publike"},"content":{"rendered":"<p>Mali i Zi, banor\u00ebt e t\u00eb cilit njihen p\u00ebr shifra t\u00eb larta t\u00eb konsumimit t\u00eb duhanit n\u00eb Evrop\u00eb, ka ndaluar pirjen e cigares n\u00eb vendet e mbyllura publike. Sipas ligjit, q\u00eb ka nisur s\u00eb zbatuari nga 14 gushti, pirja e duhanit \u00ebsht\u00eb ndaluar n\u00eb t\u00eb gjitha vendet e mbyllura publike, duke p\u00ebrfshir\u00eb kafet\u00eb, ndon\u00ebse p\u00ebr kazinot\u00eb vlen rregullore tjet\u00ebr.<\/p>\n<p>Ligji \u00ebsht\u00eb miratuar n\u00eb m\u00ebnyr\u00eb anonime m\u00eb 31 korrik, pasi ministri i Sh\u00ebndet\u00ebsis\u00eb, Kenan Hrapoviq, ka th\u00ebn\u00eb se ligji kund\u00ebr duhanit q\u00eb \u00ebsht\u00eb miratuar m\u00eb 2004 nuk ka arritur pritshm\u00ebrit\u00eb. Hrapoviq ka th\u00ebn\u00eb se zyra e tij \u201cdo t\u00eb tentoj\u00eb t\u00eb zbatoj\u00eb secil\u00ebn pik\u00eb t\u00eb ligjit\u201d.<\/p>\n<div id=\"videoad\"><\/div>\n<p>Bazuar n\u00eb nj\u00eb studim t\u00eb Bank\u00ebs Bot\u00ebrore n\u00eb vitin 2016, 46 p\u00ebr qind e popullsis\u00eb s\u00eb k\u00ebtij shteti mbi mosh\u00ebn 15-vje\u00e7are pin duhan, derisa ministria e Sh\u00ebndet\u00ebsis\u00eb n\u00eb Malin e Zi ka vler\u00ebsuar se rreth 400 malazias jan\u00eb t\u00eb diagnostikuar me kancer t\u00eb mushk\u00ebrive \u00e7do vit. Nd\u00ebshkimet p\u00ebr shkelje t\u00eb ligjit, q\u00eb po ashtu rregullon edhe shitjen e cigareve, dallojn\u00eb nga 560 deri n\u00eb 22,370 dollar\u00eb.<\/p>\n<p>Sipas ligjit, bizneseve do t\u2019iu lejohet t\u00eb krijojn\u00eb hap\u00ebsira t\u00eb ve\u00e7anta p\u00ebr duhanpir\u00ebsit. Disa lider\u00eb biznesor\u00eb dhe p\u00ebrfaq\u00ebsues t\u00eb industris\u00eb s\u00eb turizmit kan\u00eb th\u00ebn\u00eb se shqet\u00ebsohen se ligji i ri mund t\u00eb ndikoj\u00eb n\u00eb t\u00eb ardhura.<\/p>\n","protected":false},"excerpt":{"rendered":"<p>Mali i Zi, banor\u00ebt e t\u00eb cilit njihen p\u00ebr shifra t\u00eb larta t\u00eb konsumimit t\u00eb duhanit n\u00eb Evrop\u00eb, ka ndaluar pirjen e cigares n\u00eb vendet e mbyllura publike. Sipas ligjit, q\u00eb ka nisur s\u00eb zbatuari nga 14 gushti, pirja e duhanit \u00ebsht\u00eb ndaluar n\u00eb t\u00eb gjitha vendet e mbyllura publike, duke p\u00ebrfshir\u00eb kafet\u00eb, ndon\u00ebse p\u00ebr [&hellip;]<\/p>\n","protected":false},"author":2013,"featured_media":101631,"comment_status":"open","ping_status":"closed","sticky":false,"template":"","format":"standard","meta":{"footnotes":""},"categories":[241,235],"tags":[],"class_list":{"0":"post-101630","1":"post","2":"type-post","3":"status-publish","4":"format-standard","5":"has-post-thumbnail","7":"category-aktualitet","8":"category-vendi"},"_links":{"self":[{"href":"https:\/\/zjarr.tv\/sq\/wp-json\/wp\/v2\/posts\/101630","targetHints":{"allow":["GET"]}}],"collection":[{"href":"https:\/\/zjarr.tv\/sq\/wp-json\/wp\/v2\/posts"}],"about":[{"href":"https:\/\/zjarr.tv\/sq\/wp-json\/wp\/v2\/types\/post"}],"author":[{"embeddable":true,"href":"https:\/\/zjarr.tv\/sq\/wp-json\/wp\/v2\/users\/2013"}],"replies":[{"embeddable":true,"href":"https:\/\/zjarr.tv\/sq\/wp-json\/wp\/v2\/comments?post=101630"}],"version-history":[{"count":0,"href":"https:\/\/zjarr.tv\/sq\/wp-json\/wp\/v2\/posts\/101630\/revisions"}],"wp:featuredmedia":[{"embeddable":true,"href":"https:\/\/zjarr.tv\/sq\/wp-json\/wp\/v2\/media\/101631"}],"wp:attachment":[{"href":"https:\/\/zjarr.tv\/sq\/wp-json\/wp\/v2\/media?parent=101630"}],"wp:term":[{"taxonomy":"category","embeddable":true,"href":"https:\/\/zjarr.tv\/sq\/wp-json\/wp\/v2\/categories?post=101630"},{"taxonomy":"post_tag","embeddable":true,"href":"https:\/\/zjarr.tv\/sq\/wp-json\/wp\/v2\/tags?post=101630"}],"curies":[{"name":"wp","href":"https:\/\/api.w.org\/{rel}","templated":true}]}}