{"id":101633,"date":"2019-08-15T13:57:35","date_gmt":"2019-08-15T11:57:35","guid":{"rendered":"https:\/\/zjarr.tv\/?p=101633"},"modified":"2019-08-15T13:57:35","modified_gmt":"2019-08-15T11:57:35","slug":"shkupi-nuk-e-ekstradon-ish-luftetarin-e-uck-se-ne-serbi","status":"publish","type":"post","link":"https:\/\/zjarr.tv\/sq\/shkupi-nuk-e-ekstradon-ish-luftetarin-e-uck-se-ne-serbi\/","title":{"rendered":"Shkupi nuk e ekstradon ish-luft\u00ebtarin e U\u00c7K-s\u00eb n\u00eb Serbi"},"content":{"rendered":"<p><span lang=\"GL\">Gjykata e Lart\u00eb e Maqedonis\u00eb s\u00eb Veriut e ka konfirmuar vendimin e Gjykat\u00ebs Penale se nuk ekzistojn\u00eb kushte p\u00ebr ekstradimin n\u00eb Serbi t\u00eb ish-luft\u00ebtarit t\u00eb U\u00c7K-s\u00eb, Tomor Morina.<\/span><\/p>\n<p><span lang=\"GL\">Avokati i tij, Naser Raufi i ka th\u00ebn\u00eb shtypit se gjykata e liroi zotin Morina nga paraburgimi dhe ai u nis p\u00ebr n\u00eb Kosov\u00eb. Gjykata penale ia ka ndalur pasaport\u00ebn britanike, si mas\u00eb e kujdesit dhe ia ka l\u00ebn\u00eb at\u00eb t\u00eb Kosov\u00ebs, sipas avokatit. Ish-pjes\u00ebtari i U\u00c7K-s\u00eb kishte dy shtet\u00ebsi.<\/span><\/p>\n<p><span lang=\"GL\">Ministria e Drejt\u00ebsis\u00eb, e cila duhej t\u00eb thot\u00eb fjal\u00ebn e fundit n\u00eb lidhje me \u00e7\u00ebshtjen e ekstradimit, b\u00ebri t\u00eb ditur p\u00ebr median se n\u00eb rast t\u00eb mendimeve identike nga t\u00eb dy gjykatat, at\u00ebher\u00eb ministria nuk ka t\u00eb drejt\u00eb t\u00eb marr\u00eb nj\u00eb vendim ndryshe.<\/span><\/p>\n<p><span lang=\"GL\">Megjithat\u00eb, vendimi i Shkupit ka nxitur nj\u00eb reagim t\u00eb ashp\u00ebr n\u00eb Beograd. Ministrja serbe e Drejt\u00ebsis\u00eb, Nela Kuburovi\u00e7 \u00ebsht\u00eb shprehur se vendimi i Gjykat\u00ebs s\u00eb lart\u00eb n\u00eb Shkup d\u00ebshmon se politika q\u00ebndron mbi drejt\u00ebsin\u00eb. Ajo e ka quajtur vendimin \u201cnj\u00eb turp t\u00eb madh p\u00ebr t\u00eb drejt\u00ebn nd\u00ebrkomb\u00ebtare dhe nj\u00eb goditje edhe m\u00eb t\u00eb madhe p\u00ebr familjet e viktimave, t\u00eb cilat p\u00ebr dekada po presin drejt\u00ebsin\u00eb lidhur me t\u00eb af\u00ebrmit e tyre\u201d.<\/span><\/p>\n<p>Nga ana tjet\u00ebr, autoritetet qeveritare t\u00eb Kosov\u00ebs k\u00ebmb\u00ebngulnin q\u00eb Maqedonia e Veriut ta lironte sa m\u00eb par\u00eb shtetasin e Kosov\u00ebs, duke paralajm\u00ebruar se n\u00eb t\u00eb kund\u00ebrt\u00ebn do t\u00eb p\u00ebsonin marr\u00ebdh\u00ebniet n\u00eb mes dy vendeve.<\/p>\n<p>Tomor Morina mbahej n\u00eb paraburgim n\u00eb Shkup q\u00eb prej dat\u00ebs 25 korrik. Ndalimi i ish-luft\u00ebtarit isht\u00eb b\u00ebr\u00eb me urdh\u00ebr t\u00eb Interpolit, me k\u00ebrkes\u00eb t\u00eb Serbis\u00eb, e cila e akuzonte at\u00eb p\u00ebr krime lufte ndaj popullat\u00ebs civile serbe n\u00eb vitin 1999.<\/p>\n","protected":false},"excerpt":{"rendered":"<p>Gjykata e Lart\u00eb e Maqedonis\u00eb s\u00eb Veriut e ka konfirmuar vendimin e Gjykat\u00ebs Penale se nuk ekzistojn\u00eb kushte p\u00ebr ekstradimin n\u00eb Serbi t\u00eb ish-luft\u00ebtarit t\u00eb U\u00c7K-s\u00eb, Tomor Morina. Avokati i tij, Naser Raufi i ka th\u00ebn\u00eb shtypit se gjykata e liroi zotin Morina nga paraburgimi dhe ai u nis p\u00ebr n\u00eb Kosov\u00eb. Gjykata penale ia [&hellip;]<\/p>\n","protected":false},"author":2013,"featured_media":101634,"comment_status":"open","ping_status":"closed","sticky":false,"template":"","format":"standard","meta":{"footnotes":""},"categories":[241,2],"tags":[],"class_list":{"0":"post-101633","1":"post","2":"type-post","3":"status-publish","4":"format-standard","5":"has-post-thumbnail","7":"category-aktualitet","8":"category-rajoni"},"_links":{"self":[{"href":"https:\/\/zjarr.tv\/sq\/wp-json\/wp\/v2\/posts\/101633","targetHints":{"allow":["GET"]}}],"collection":[{"href":"https:\/\/zjarr.tv\/sq\/wp-json\/wp\/v2\/posts"}],"about":[{"href":"https:\/\/zjarr.tv\/sq\/wp-json\/wp\/v2\/types\/post"}],"author":[{"embeddable":true,"href":"https:\/\/zjarr.tv\/sq\/wp-json\/wp\/v2\/users\/2013"}],"replies":[{"embeddable":true,"href":"https:\/\/zjarr.tv\/sq\/wp-json\/wp\/v2\/comments?post=101633"}],"version-history":[{"count":0,"href":"https:\/\/zjarr.tv\/sq\/wp-json\/wp\/v2\/posts\/101633\/revisions"}],"wp:featuredmedia":[{"embeddable":true,"href":"https:\/\/zjarr.tv\/sq\/wp-json\/wp\/v2\/media\/101634"}],"wp:attachment":[{"href":"https:\/\/zjarr.tv\/sq\/wp-json\/wp\/v2\/media?parent=101633"}],"wp:term":[{"taxonomy":"category","embeddable":true,"href":"https:\/\/zjarr.tv\/sq\/wp-json\/wp\/v2\/categories?post=101633"},{"taxonomy":"post_tag","embeddable":true,"href":"https:\/\/zjarr.tv\/sq\/wp-json\/wp\/v2\/tags?post=101633"}],"curies":[{"name":"wp","href":"https:\/\/api.w.org\/{rel}","templated":true}]}}