{"id":101636,"date":"2019-08-15T15:44:04","date_gmt":"2019-08-15T13:44:04","guid":{"rendered":"https:\/\/zjarr.tv\/?p=101636"},"modified":"2019-08-15T15:44:04","modified_gmt":"2019-08-15T13:44:04","slug":"gurthyesit-e-tomorrit-po-na-godasin-ne-cdo-moment-reagon-berisha-gjykatat-snjihen-sundon-mafia","status":"publish","type":"post","link":"https:\/\/zjarr.tv\/sq\/gurthyesit-e-tomorrit-po-na-godasin-ne-cdo-moment-reagon-berisha-gjykatat-snjihen-sundon-mafia\/","title":{"rendered":"Gurthyesit e Tomorrit: Po na godasin n\u00eb \u00e7do moment! Reagon Berisha: Gjykatat s&#8217;njihen, sundon mafia!"},"content":{"rendered":"<p>Punonj\u00ebsit e guroreve t\u00eb malit t\u00eb Tomorrit n\u00eb Berat po e p\u00ebrjetojn\u00eb r\u00ebnd\u00eb situat\u00ebn e krijuar nga bllokimi i punimeve pasi tashm\u00eb edhe shpresa e tyre e vetme q\u00eb ishte drejt\u00ebsia q\u00eb menduan se fituan, refuzohet t\u00eb njihet nga qeveria.<\/p>\n<p>Nj\u00eb punonj\u00ebs i k\u00ebtyre guroreve i \u00ebsht\u00eb drejtuar ish-kryeministrit Sali Berisha p\u00ebr ta b\u00ebr\u00eb publik padrejt\u00ebsin\u00eb e madhe q\u00eb po iu b\u00ebhet atyre nga qeveria duke filluar nga ministri i Mjedisit, kryebashkiaku i Poli\u00e7anit e deri tek kreu i Policis\u00eb s\u00eb Beratit. \u201cT\u00eb lutem anonim, sepse po na godasin n\u00eb \u00e7do moment,\u201d lutet ai.<\/p>\n<p>Ish-kryeministri Sali Berisha ka reaguar me k\u00ebt\u00eb akuz\u00eb n\u00eb Fb: \u201cVendimet e gjykatave n\u00eb narkoshtet kan\u00eb zero vler\u00eb.\u00a0Ato nuk zbatohen! Sundon vullneti i mafies dhe\u00a0 ryshfeti q\u00eb blen narkoministrat me lecka! Lexoni denoncimin e qytetarit dixhital.\u201d<\/p>\n<div id=\"rekl-13\">\n<div id=\"__sap-ad-15\" class=\"__sap-ads __sap-html tracked\" data-title=\"Credins desktop 08\"><ins><\/p>\n<div id=\"beacon_e3cce9e358\"><img loading=\"lazy\" decoding=\"async\" src=\"https:\/\/ads1.medium.al\/www\/delivery\/lg.php?bannerid=373&amp;campaignid=48&amp;zoneid=182&amp;loc=https%3A%2F%2Fwww.syri.net%2Fpolitike%2F274077%2Fgurthyesit-e-tomorrit-po-na-godasin-ne-cdo-moment-reagon-berisha-gjykatat-s-njihen-sundon-mafia%2F&amp;referer=https%3A%2F%2Fwww.syri.net%2Flajme%2F&amp;cb=e3cce9e358\" alt=\"\" width=\"0\" height=\"0\" \/><\/div>\n<p><\/ins><\/div>\n<\/div>\n<div id=\"rekl-4\"><\/div>\n<blockquote><p>P\u00ebrsh\u00ebndetje, z. Berisha<br \/>\nJemi shoqata e gurores s\u00eb malit t\u00eb Tomorrit n\u00eb fshatin Novaj.<\/p>\n<p>Edhe pse kemi fituar gjyqin nga Gjykata Administrative dhe kemi rr\u00ebzuar VKM, pavar\u00ebsisht se guroret tona u fut\u00ebn q\u00ebllimisht n\u00eb siperfaqen e shtes\u00ebs p\u00ebr park komb\u00ebtar n\u00eb malin e Tomorrit, p\u00ebr t\u00eb mbrojtur interesat e Klosit dhe Adriatik Zotkajt dhe i betuari komunist Hasan Ahmetaj, drejtor i Policis\u00eb, na pengon p\u00ebr t\u00eb filluar pun\u00ebn dhe nuk na jep asnj\u00eb let\u00ebr zyrtare dhe na pengon me Polici, pa na dh\u00ebn\u00eb asnj\u00eb motiv p\u00ebr ndales\u00ebn.<\/p>\n<p>T\u00eb lutem anonim, sepse po na godasin n\u00eb \u00e7do moment.<\/p><\/blockquote>\n","protected":false},"excerpt":{"rendered":"<p>Punonj\u00ebsit e guroreve t\u00eb malit t\u00eb Tomorrit n\u00eb Berat po e p\u00ebrjetojn\u00eb r\u00ebnd\u00eb situat\u00ebn e krijuar nga bllokimi i punimeve pasi tashm\u00eb edhe shpresa e tyre e vetme q\u00eb ishte drejt\u00ebsia q\u00eb menduan se fituan, refuzohet t\u00eb njihet nga qeveria. Nj\u00eb punonj\u00ebs i k\u00ebtyre guroreve i \u00ebsht\u00eb drejtuar ish-kryeministrit Sali Berisha p\u00ebr ta b\u00ebr\u00eb publik [&hellip;]<\/p>\n","protected":false},"author":2013,"featured_media":90114,"comment_status":"open","ping_status":"closed","sticky":false,"template":"","format":"standard","meta":{"footnotes":""},"categories":[241,235],"tags":[],"class_list":{"0":"post-101636","1":"post","2":"type-post","3":"status-publish","4":"format-standard","5":"has-post-thumbnail","7":"category-aktualitet","8":"category-vendi"},"_links":{"self":[{"href":"https:\/\/zjarr.tv\/sq\/wp-json\/wp\/v2\/posts\/101636","targetHints":{"allow":["GET"]}}],"collection":[{"href":"https:\/\/zjarr.tv\/sq\/wp-json\/wp\/v2\/posts"}],"about":[{"href":"https:\/\/zjarr.tv\/sq\/wp-json\/wp\/v2\/types\/post"}],"author":[{"embeddable":true,"href":"https:\/\/zjarr.tv\/sq\/wp-json\/wp\/v2\/users\/2013"}],"replies":[{"embeddable":true,"href":"https:\/\/zjarr.tv\/sq\/wp-json\/wp\/v2\/comments?post=101636"}],"version-history":[{"count":0,"href":"https:\/\/zjarr.tv\/sq\/wp-json\/wp\/v2\/posts\/101636\/revisions"}],"wp:featuredmedia":[{"embeddable":true,"href":"https:\/\/zjarr.tv\/sq\/wp-json\/wp\/v2\/media\/90114"}],"wp:attachment":[{"href":"https:\/\/zjarr.tv\/sq\/wp-json\/wp\/v2\/media?parent=101636"}],"wp:term":[{"taxonomy":"category","embeddable":true,"href":"https:\/\/zjarr.tv\/sq\/wp-json\/wp\/v2\/categories?post=101636"},{"taxonomy":"post_tag","embeddable":true,"href":"https:\/\/zjarr.tv\/sq\/wp-json\/wp\/v2\/tags?post=101636"}],"curies":[{"name":"wp","href":"https:\/\/api.w.org\/{rel}","templated":true}]}}