{"id":101641,"date":"2019-08-15T15:46:14","date_gmt":"2019-08-15T13:46:14","guid":{"rendered":"https:\/\/zjarr.tv\/?p=101641"},"modified":"2019-08-15T15:46:14","modified_gmt":"2019-08-15T13:46:14","slug":"ndalohen-emigrantet-tranzit-kapen-3-ne-korce-dhe-2-ne-pogradec","status":"publish","type":"post","link":"https:\/\/zjarr.tv\/sq\/ndalohen-emigrantet-tranzit-kapen-3-ne-korce-dhe-2-ne-pogradec\/","title":{"rendered":"Ndalohen \u2018emigrant\u00ebt tranzit\u2019, kapen 3 n\u00eb Kor\u00e7\u00eb dhe 2 n\u00eb Pogradec"},"content":{"rendered":"<p>Policia kufitare e Kor\u00e7\u00ebs ka ndaluar 3 emigrant\u00eb t\u00eb paligjsh\u00ebm n\u00eb kufirin shqiptaro-grek. Raportohet se emigrant\u00ebt e ndaluar jan\u00eb t\u00eb komb\u00ebsis\u00eb siriane dhe algjeriane.<\/p>\n<p>Ata u ndaluan n\u00eb af\u00ebrsi t\u00eb fshatit Trestenik, nd\u00ebrsa pas intervistimit dhe kryerjes se procedurave nga policia kufitare, emigrantet u kthyen\u00a0 s\u00ebrish n\u00eb Greqi.<\/p>\n<p>Nd\u00ebrkoh\u00eb po gjat\u00eb dit\u00ebs s\u00eb sotme n\u00eb Pogradec jan\u00eb ndaluar edhe dy emigrant\u00eb t\u00eb paligjsh\u00ebm, t\u00eb cil\u00ebt kishin hyr\u00eb ilegalisht p\u00ebrmes kufirit t\u00eb gjelb\u00ebr.<\/p>\n<div id=\"rekl-13\">\n<div id=\"__sap-ad-15\" class=\"__sap-ads __sap-html tracked\" data-title=\"Credins desktop 08\"><ins><\/p>\n<div id=\"beacon_96913462dd\"><img loading=\"lazy\" decoding=\"async\" src=\"https:\/\/ads1.medium.al\/www\/delivery\/lg.php?bannerid=373&amp;campaignid=48&amp;zoneid=182&amp;loc=https%3A%2F%2Fwww.syri.net%2Fkronike%2F274087%2Fndalohen-emigrantet-tranzit-kapen-3-ne-korce-dhe-2-ne-pogradec%2F&amp;referer=https%3A%2F%2Fwww.syri.net%2Flajme%2F&amp;cb=96913462dd\" alt=\"\" width=\"0\" height=\"0\" \/><\/div>\n<p><\/ins><\/div>\n<\/div>\n<p>Emigrant\u00ebt i kan\u00eb shp\u00ebtuar kontrolleve t\u00eb policis\u00eb s\u00eb Devollit, por jan\u00eb ndaluar nga blut\u00eb e Pogradecit teksa p\u00ebrpiqeshin t\u00eb gjenin mjet transporti, p\u00ebr te udh\u00ebtuar drejt Tiran\u00ebs, me destinacion final Malin\u00a0 e Zi.<\/p>\n","protected":false},"excerpt":{"rendered":"<p>Policia kufitare e Kor\u00e7\u00ebs ka ndaluar 3 emigrant\u00eb t\u00eb paligjsh\u00ebm n\u00eb kufirin shqiptaro-grek. Raportohet se emigrant\u00ebt e ndaluar jan\u00eb t\u00eb komb\u00ebsis\u00eb siriane dhe algjeriane. Ata u ndaluan n\u00eb af\u00ebrsi t\u00eb fshatit Trestenik, nd\u00ebrsa pas intervistimit dhe kryerjes se procedurave nga policia kufitare, emigrantet u kthyen\u00a0 s\u00ebrish n\u00eb Greqi. Nd\u00ebrkoh\u00eb po gjat\u00eb dit\u00ebs s\u00eb sotme n\u00eb [&hellip;]<\/p>\n","protected":false},"author":2013,"featured_media":101642,"comment_status":"open","ping_status":"closed","sticky":false,"template":"","format":"standard","meta":{"footnotes":""},"categories":[241,235],"tags":[],"class_list":{"0":"post-101641","1":"post","2":"type-post","3":"status-publish","4":"format-standard","5":"has-post-thumbnail","7":"category-aktualitet","8":"category-vendi"},"_links":{"self":[{"href":"https:\/\/zjarr.tv\/sq\/wp-json\/wp\/v2\/posts\/101641","targetHints":{"allow":["GET"]}}],"collection":[{"href":"https:\/\/zjarr.tv\/sq\/wp-json\/wp\/v2\/posts"}],"about":[{"href":"https:\/\/zjarr.tv\/sq\/wp-json\/wp\/v2\/types\/post"}],"author":[{"embeddable":true,"href":"https:\/\/zjarr.tv\/sq\/wp-json\/wp\/v2\/users\/2013"}],"replies":[{"embeddable":true,"href":"https:\/\/zjarr.tv\/sq\/wp-json\/wp\/v2\/comments?post=101641"}],"version-history":[{"count":0,"href":"https:\/\/zjarr.tv\/sq\/wp-json\/wp\/v2\/posts\/101641\/revisions"}],"wp:featuredmedia":[{"embeddable":true,"href":"https:\/\/zjarr.tv\/sq\/wp-json\/wp\/v2\/media\/101642"}],"wp:attachment":[{"href":"https:\/\/zjarr.tv\/sq\/wp-json\/wp\/v2\/media?parent=101641"}],"wp:term":[{"taxonomy":"category","embeddable":true,"href":"https:\/\/zjarr.tv\/sq\/wp-json\/wp\/v2\/categories?post=101641"},{"taxonomy":"post_tag","embeddable":true,"href":"https:\/\/zjarr.tv\/sq\/wp-json\/wp\/v2\/tags?post=101641"}],"curies":[{"name":"wp","href":"https:\/\/api.w.org\/{rel}","templated":true}]}}