{"id":101644,"date":"2019-08-15T15:56:32","date_gmt":"2019-08-15T13:56:32","guid":{"rendered":"https:\/\/zjarr.tv\/?p=101644"},"modified":"2019-08-15T15:56:32","modified_gmt":"2019-08-15T13:56:32","slug":"ethet-e-minjve-mberrin-ne-shqiperi-shenohet-viktima-e-pare","status":"publish","type":"post","link":"https:\/\/zjarr.tv\/sq\/ethet-e-minjve-mberrin-ne-shqiperi-shenohet-viktima-e-pare\/","title":{"rendered":"\u201cEthet e minjve\u201d mb\u00ebrrin n\u00eb Shqip\u00ebri, sh\u00ebnohet viktima e par\u00eb"},"content":{"rendered":"<p>Dy raste jan\u00eb paraqitur n\u00eb QSUT\u00a0 me virusin \u201cEthet e Minjve\u201d, nd\u00ebrkoh\u00eb q\u00eb\u00a0 \u00ebsht\u00eb sh\u00ebnuar dhe viktima e par\u00eb.<\/p>\n<p>Report tv shkruan se b\u00ebhet fjal\u00eb p\u00ebr nj\u00eb 32-vje\u00e7ar nga Erseka, i cili nuk ka mundur t\u2019i b\u00ebj\u00eb ball\u00eb k\u00ebsaj s\u00ebmundje.<\/p>\n<p>Kjo s\u00ebmundje njihet ndryshe si \u201cethe hemoragjike\u201d, shkaktohet nga brejt\u00ebsi i kuq dhe transmetohet p\u00ebrmes ushqimit.<\/p>\n<p>Mosha m\u00eb e rrezikuar jan\u00eb t\u00eb rinjt\u00eb nga 18-40 vje\u00e7, nd\u00ebrsa kjo s\u00ebmundje p\u00ebrhapet me s\u00eb shumti n\u00eb zona malore, ku ka dhe brejt\u00ebs t\u00eb eg\u00ebr.<\/p>\n<p>Simptomat dalluese jan\u00eb temperatur\u00eb e lart\u00eb, ethe e dhimbje muskujsh. Po ashtu kjo s\u00ebmundje prek dhe organet jetike, ndaj ka dhe vdekshm\u00ebri t\u00eb lart\u00eb.<\/p>\n<p>Mjekja b\u00ebn thirrje q\u00eb qytetar\u00ebt sapo t\u00eb shohin simptomat e para t\u00eb drejtohen tek spitali rajonal i zones ku banojn\u00eb dhe m\u00eb pas rasti referohet zyrtarisht n\u00eb QSUT.<\/p>\n<p>Qytetar\u00ebt q\u00eb jetojn\u00eb n\u00eb Tiran\u00eb nuk jan\u00eb t\u00eb rrezikuar, kjo pasi n\u00eb kryeqytet nuk ka vat\u00ebr t\u00eb k\u00ebsaj s\u00ebmundje.\u00a0 Nxeht\u00ebsia dhe that\u00ebsira jan\u00eb favorizuese p\u00ebr s\u00ebmundjen, por edhe pse rastet jan\u00eb t\u00eb pakta, vdekshm\u00ebria \u00ebsht\u00eb mbi 60%.<\/p>\n","protected":false},"excerpt":{"rendered":"<p>Dy raste jan\u00eb paraqitur n\u00eb QSUT\u00a0 me virusin \u201cEthet e Minjve\u201d, nd\u00ebrkoh\u00eb q\u00eb\u00a0 \u00ebsht\u00eb sh\u00ebnuar dhe viktima e par\u00eb. Report tv shkruan se b\u00ebhet fjal\u00eb p\u00ebr nj\u00eb 32-vje\u00e7ar nga Erseka, i cili nuk ka mundur t\u2019i b\u00ebj\u00eb ball\u00eb k\u00ebsaj s\u00ebmundje. Kjo s\u00ebmundje njihet ndryshe si \u201cethe hemoragjike\u201d, shkaktohet nga brejt\u00ebsi i kuq dhe transmetohet p\u00ebrmes [&hellip;]<\/p>\n","protected":false},"author":2013,"featured_media":68836,"comment_status":"open","ping_status":"closed","sticky":false,"template":"","format":"standard","meta":{"footnotes":""},"categories":[241,235],"tags":[],"class_list":{"0":"post-101644","1":"post","2":"type-post","3":"status-publish","4":"format-standard","5":"has-post-thumbnail","7":"category-aktualitet","8":"category-vendi"},"_links":{"self":[{"href":"https:\/\/zjarr.tv\/sq\/wp-json\/wp\/v2\/posts\/101644","targetHints":{"allow":["GET"]}}],"collection":[{"href":"https:\/\/zjarr.tv\/sq\/wp-json\/wp\/v2\/posts"}],"about":[{"href":"https:\/\/zjarr.tv\/sq\/wp-json\/wp\/v2\/types\/post"}],"author":[{"embeddable":true,"href":"https:\/\/zjarr.tv\/sq\/wp-json\/wp\/v2\/users\/2013"}],"replies":[{"embeddable":true,"href":"https:\/\/zjarr.tv\/sq\/wp-json\/wp\/v2\/comments?post=101644"}],"version-history":[{"count":0,"href":"https:\/\/zjarr.tv\/sq\/wp-json\/wp\/v2\/posts\/101644\/revisions"}],"wp:featuredmedia":[{"embeddable":true,"href":"https:\/\/zjarr.tv\/sq\/wp-json\/wp\/v2\/media\/68836"}],"wp:attachment":[{"href":"https:\/\/zjarr.tv\/sq\/wp-json\/wp\/v2\/media?parent=101644"}],"wp:term":[{"taxonomy":"category","embeddable":true,"href":"https:\/\/zjarr.tv\/sq\/wp-json\/wp\/v2\/categories?post=101644"},{"taxonomy":"post_tag","embeddable":true,"href":"https:\/\/zjarr.tv\/sq\/wp-json\/wp\/v2\/tags?post=101644"}],"curies":[{"name":"wp","href":"https:\/\/api.w.org\/{rel}","templated":true}]}}