{"id":101646,"date":"2019-08-15T15:59:33","date_gmt":"2019-08-15T13:59:33","guid":{"rendered":"https:\/\/zjarr.tv\/?p=101646"},"modified":"2019-08-15T15:59:33","modified_gmt":"2019-08-15T13:59:33","slug":"merr-flake-makina-e-policise-ne-tirane","status":"publish","type":"post","link":"https:\/\/zjarr.tv\/sq\/merr-flake-makina-e-policise-ne-tirane\/","title":{"rendered":"Merr flak\u00eb makina e policis\u00eb n\u00eb Tiran\u00eb"},"content":{"rendered":"<p>Nj\u00eb makin\u00eb e nj\u00eb policie private \u00ebsht\u00eb p\u00ebrfshir\u00eb nga flak\u00ebt\u00a0 pak minuta m\u00eb par\u00eb n\u00eb rrug\u00ebn Fortuzi n\u00eb kryeqytet.<\/p>\n<p>Sikurse shihet nga materiali filmik, nd\u00ebrhyrja e shpejt\u00eb e zjarr\u00ebfik\u00ebsve ka ndihmuar n\u00eb v\u00ebnin e flak\u00ebve n\u00ebn kontroll.<\/p>\n<div class=\"in-artile-read-more\">\n<h2><\/h2>\n<\/div>\n<p>N\u00eb vendngjarje gjendeshin edhe forcat policore t\u00eb Shtetit.<\/p>\n<div id=\"rekl-13\">\n<div id=\"__sap-ad-15\" class=\"__sap-ads __sap-html tracked\" data-title=\"Credins desktop 08\"><ins><\/p>\n<div id=\"beacon_9310340caa\"><img loading=\"lazy\" decoding=\"async\" src=\"https:\/\/ads1.medium.al\/www\/delivery\/lg.php?bannerid=373&amp;campaignid=48&amp;zoneid=182&amp;loc=https%3A%2F%2Fwww.syri.net%2Fkronike%2F274093%2Fvideo-merr-flake-makina-e-policise-ne-tirane%2F&amp;referer=https%3A%2F%2Fwww.syri.net%2Flajme%2F&amp;cb=9310340caa\" alt=\"\" width=\"0\" height=\"0\" \/><\/div>\n<p><\/ins><\/div>\n<\/div>\n<div id=\"rekl-4\"><\/div>\n<p>Shkaqet e ngjarjes n\u00eb fjal\u00eb jan\u00eb ende t\u00eb pazbardhura.<\/p>\n","protected":false},"excerpt":{"rendered":"<p>Nj\u00eb makin\u00eb e nj\u00eb policie private \u00ebsht\u00eb p\u00ebrfshir\u00eb nga flak\u00ebt\u00a0 pak minuta m\u00eb par\u00eb n\u00eb rrug\u00ebn Fortuzi n\u00eb kryeqytet. Sikurse shihet nga materiali filmik, nd\u00ebrhyrja e shpejt\u00eb e zjarr\u00ebfik\u00ebsve ka ndihmuar n\u00eb v\u00ebnin e flak\u00ebve n\u00ebn kontroll. N\u00eb vendngjarje gjendeshin edhe forcat policore t\u00eb Shtetit. Shkaqet e ngjarjes n\u00eb fjal\u00eb jan\u00eb ende t\u00eb pazbardhura.<\/p>\n","protected":false},"author":2013,"featured_media":101647,"comment_status":"open","ping_status":"closed","sticky":false,"template":"","format":"standard","meta":{"footnotes":""},"categories":[241,235],"tags":[],"class_list":{"0":"post-101646","1":"post","2":"type-post","3":"status-publish","4":"format-standard","5":"has-post-thumbnail","7":"category-aktualitet","8":"category-vendi"},"_links":{"self":[{"href":"https:\/\/zjarr.tv\/sq\/wp-json\/wp\/v2\/posts\/101646","targetHints":{"allow":["GET"]}}],"collection":[{"href":"https:\/\/zjarr.tv\/sq\/wp-json\/wp\/v2\/posts"}],"about":[{"href":"https:\/\/zjarr.tv\/sq\/wp-json\/wp\/v2\/types\/post"}],"author":[{"embeddable":true,"href":"https:\/\/zjarr.tv\/sq\/wp-json\/wp\/v2\/users\/2013"}],"replies":[{"embeddable":true,"href":"https:\/\/zjarr.tv\/sq\/wp-json\/wp\/v2\/comments?post=101646"}],"version-history":[{"count":0,"href":"https:\/\/zjarr.tv\/sq\/wp-json\/wp\/v2\/posts\/101646\/revisions"}],"wp:featuredmedia":[{"embeddable":true,"href":"https:\/\/zjarr.tv\/sq\/wp-json\/wp\/v2\/media\/101647"}],"wp:attachment":[{"href":"https:\/\/zjarr.tv\/sq\/wp-json\/wp\/v2\/media?parent=101646"}],"wp:term":[{"taxonomy":"category","embeddable":true,"href":"https:\/\/zjarr.tv\/sq\/wp-json\/wp\/v2\/categories?post=101646"},{"taxonomy":"post_tag","embeddable":true,"href":"https:\/\/zjarr.tv\/sq\/wp-json\/wp\/v2\/tags?post=101646"}],"curies":[{"name":"wp","href":"https:\/\/api.w.org\/{rel}","templated":true}]}}